{"id":57,"date":"2024-12-02T08:42:58","date_gmt":"2024-12-02T05:42:58","guid":{"rendered":"https:\/\/cihankama.com\/?p=57"},"modified":"2024-12-03T07:27:48","modified_gmt":"2024-12-03T04:27:48","slug":"huseyin-avni-aker","status":"publish","type":"post","link":"https:\/\/cihankama.com\/?p=57","title":{"rendered":"H\u00fcseyin Avni Aker"},"content":{"rendered":"\n<figure class=\"wp-block-gallery has-nested-images columns-default is-cropped wp-block-gallery-1 is-layout-flex wp-block-gallery-is-layout-flex\">\n<figure class=\"wp-block-image size-large\"><img loading=\"lazy\" decoding=\"async\" width=\"300\" height=\"168\" data-id=\"60\" src=\"https:\/\/cihankama.com\/wp-content\/uploads\/2024\/12\/Goruntu-1-1.jpeg\" alt=\"\" class=\"wp-image-60\"\/><\/figure>\n<\/figure>\n\n\n\n<p class=\"wp-block-paragraph\">Hicri 1305 miladi 1889 y\u0131l\u0131nda Trabzon&#8217;un Vakf\u0131kebir il\u00e7esinin \u00c7avu\u015flu K\u00f6y\u00fcnde Hasan Beyin o\u011flu olarak do\u011fmu\u015ftur. \u0130lk ve Orta mektebi Trabzonda okudu. 1906 y\u0131l\u0131nda Trabzon muallim mektebinden \u00f6\u011fretmen olarak mezun oldu. \u0130lk vazifesine Giresun ilinin Har\u015fit il\u00e7esinde ba\u015flad\u0131, 1925 y\u0131l\u0131na kadar s\u0131ras\u0131 ile Torul ve S\u00fcrmene merkez ilkokullar\u0131nda bir s\u00fcre \u00e7al\u0131\u015ft\u0131. Subay olarak Balkan ve Birinci D\u00fcnya harplerinde g\u00f6rev ald\u0131; <\/p>\n\n\n\n<p class=\"wp-block-paragraph\">Birinci D\u00fcnya ve \u0130stiklal Harplerinde Te\u011fmen ve \u00dcst Te\u011fmen olarak 4,5 y\u0131l askerlik yapm\u0131\u015ft\u0131r. Sakarya Meydan Muharebesinede kat\u0131lm\u0131\u015ft\u0131r, Yunan birliklerini denize d\u00f6ken ve \u0130zmire ilk giren Subaylar\u0131m\u0131zdan biridir. Meydan Muharebesi sonras\u0131 Y\u00fczba\u015f\u0131 vazifesi ile terhis olmu\u015f Tezkere alm\u0131\u015ft\u0131r.<\/p>\n\n\n\n<p class=\"wp-block-paragraph\">Kurtulu\u015f Sava\u015f\u0131 sonras\u0131 Trabzonun merkez ilkokullar\u0131nda \u00f6\u011fretmenlik yapt\u0131. 1922 y\u0131l\u0131nda Trabzon Erkek Lisesinde \u0130dman Birli\u011fini kurdu. \u00d6\u011fretmen Okulu ve \u0130dman Oca\u011f\u0131 tak\u0131mlar\u0131yla yapt\u0131\u011f\u0131 yar\u0131\u015fmalarda birincilikler aldm\u0131\u015ft\u0131r. <\/p>\n\n\n\n<p class=\"wp-block-paragraph\">1922 y\u0131l\u0131na gelinceye dek \u00dclkemizdeki spor kul\u00fcplerinin say\u0131s\u0131 olduk\u00e7a azd\u0131, bunlarda belli bir kurul ya da organizasyona ba\u011fl\u0131 de\u011fildiler. T\u00fcrkiye Spor Toplululu\u011fu Birli\u011fi&#8217;nin kuruma gereksinim durumuna gelmi\u015fti. \u0130lk a\u015famada a\u0130stanbul ve \u0130zmir kuruldu. Bir \u00fc\u00e7\u00fcnc\u00fc grupta Trabzonda kuruldu, T\u00fcrkiye \u0130dman Cemiyetinin kurulmas\u0131nda, Trabzon&#8217;daki Spor Kul\u00fcplerinin bir araya getirilmesinde H\u00fcseyin Avni Aker&#8217;in b\u00fcy\u00fck \u00e7abalar\u0131 olmu\u015ftur. Kurulan \u0130dman Cemiyetin ba\u015f\u0131nada ilk Ali Sami Yen getirilmi\u015ftir. <\/p>\n\n\n\n<p class=\"wp-block-paragraph\">Beden terbiyesi Ba\u015fm\u00fcfetti\u015fi olan Selim S\u0131rr\u0131 Tarcan taraf\u0131ndan 1926 y\u0131l\u0131nda \u0130stanbulda a\u00e7\u0131lan ve 10 Ekim 1928 ile 1 temmuz 1929 tarihleri aras\u0131nda yap\u0131lan Beden E\u011fitimi Kursuna H\u00fcseyin Avni Aker&#8217;de kat\u0131lm\u0131\u015ft\u0131r ve Beden \u00d6\u011fretmeni Diplomas\u0131 alm\u0131\u015ft\u0131r. Kurs sonras\u0131 d\u00f6n\u00fc\u015fte Trabzon Erkek Lisesine atand\u0131. <\/p>\n\n\n\n<p class=\"wp-block-paragraph\">Trabzon tarihinin ilk Beden E\u011fitimi \u00d6\u011fretmenidir. 1938 y\u0131l\u0131na kadar Trabzon Erkek Lisesi, Ticaret Okulu, \u00d6\u011fretmen Okulunda g\u00f6rev yapt\u0131. Bu tarihten sonra Trabzon B\u00f6lgesi Beden Terbiyesi Astba\u015fkanl\u0131\u011f\u0131 g\u00f6revine getirildi. 1944 Y\u0131l\u0131nda \u00f6l\u00fcm\u00fcne kadar bu g\u00f6revi icra etti. <\/p>\n\n\n\n<p class=\"wp-block-paragraph\">H\u00fcseyin Avni Aker \u015e\u00f6hret han\u0131m ile evliydi, \u00d6mer Faruk, Adnan, Ayd\u0131n ve T\u00fcrkan isminde 4 \u00e7ocu\u011fu vard\u0131. 24 A\u011fustos 1944 vefat etmi\u015ftir. <\/p>\n\n\n\n<p class=\"wp-block-paragraph\">H\u00fcseyin Avni Aker, Beden Terbiyesi Astba\u015fkanl\u0131\u011f\u0131 g\u00f6revinde iken Trabzon&#8217;a bir stat kazand\u0131rmak ve bug\u00fcn stad\u0131n bulundu\u011fu araziyi istimlak etmek i\u00e7in \u00e7ok u\u011fra\u015ft\u0131. Onun bu \u00e7abas\u0131 sonras\u0131nda ad\u0131n\u0131n verildi\u011fi stad\u0131 Trabzon futboluna kazand\u0131rd\u0131.         <\/p>\n\n\n\n<p class=\"wp-block-paragraph\">H\u00fcseyin Avni Aker&#8217;in arkada\u015f\u0131 olan \u00fcnl\u00fc Beden E\u011fitimi \u00d6\u011fretmeni ve antren\u00f6r&nbsp;<a href=\"https:\/\/tr.wikipedia.org\/wiki\/Hayri_G%C3%BCr\">Hayri G\u00fcr<\/a>&nbsp;stada Avni Aker ad\u0131n\u0131n verilme \u00f6yk\u00fcs\u00fcn\u00fc \u015f\u00f6yle anlat\u0131yor:<\/p>\n\n\n\n<p class=\"wp-block-paragraph\">\u201c1940&#8217;l\u0131 y\u0131llarda H\u00fcseyin Avni Aker&#8217;le ayn\u0131 okulda beraber \u00e7al\u0131\u015ft\u0131k. Kendisi hem lisede \u00f6\u011fretmendi hem de Beden Terbiyesi B\u00f6lge M\u00fcd\u00fcrl\u00fc\u011f\u00fc&#8217;nde vali nezdinde asba\u015fkanl\u0131k g\u00f6revini y\u00fcr\u00fct\u00fcyordu. 1972-77 y\u0131llar\u0131 aras\u0131nda Trabzon&#8217;da Beden Terbiyesi&#8217;nde 5 y\u0131l b\u00f6lge m\u00fcd\u00fcr\u00fc olarak \u00e7al\u0131\u015ft\u0131m. Bu s\u0131rada stad in\u015faat\u0131 tamamen bitmi\u015f ve isim aran\u0131yordu. Zaman\u0131n valisi Adil Ci\u011fero\u011flu ba\u015fkanl\u0131\u011f\u0131nda bir genel kurul olu\u015fturuldu. Bu genel kurul da ben de vard\u0131m ve H\u00fcseyin Avni Aker ismini ben teklif ettim. \u00c7\u00fcnk\u00fc bu stada en \u00e7ok onun eme\u011fi ge\u00e7mi\u015fti. Sanat Okulu ile Yeni Mahalle aras\u0131 o zamanlar u\u00e7urumdu ve bu u\u00e7urumu at arabalar\u0131 ile toprak ta\u015f\u0131yarak doldurduk. Topra\u011f\u0131 zemine serdikten sonra \u00e7imleri ekmeye ba\u015flad\u0131k. Daha sonra ise altm\u0131\u015f ki\u015filik kapal\u0131 trib\u00fcn ile a\u00e7\u0131k trib\u00fcn yapt\u0131k. O zaman\u0131n paras\u0131yla t\u00fcm bunlar 40 bin liraya mal olmu\u015ftu. T\u00fcm bunlar\u0131 vali Ci\u011fero\u011flu&#8217;na anlat\u0131nca o da bana hak verdi ve stada Avni Aker&#8217;in isminin verilmesini istedi. O zamanlar buna tek kar\u015f\u0131 \u00e7\u0131kan Ziyad Nemli olmu\u015ftu. Nemli, stada\u00a0<a href=\"https:\/\/tr.wikipedia.org\/wiki\/%C4%B0dmanoca%C4%9F%C4%B1_SK\">\u0130dmanoca\u011f\u0131<\/a>&#8216;n\u0131n eski kaptan\u0131 R\u0131za Ku\u011fu&#8217;nun ad\u0131n\u0131n verilmesini istiyordu.\u201d  <\/p>\n","protected":false},"excerpt":{"rendered":"<p>Hicri 1305 miladi 1889 y\u0131l\u0131nda Trabzon&#8217;un Vakf\u0131kebir il\u00e7esinin \u00c7avu\u015flu K\u00f6y\u00fcnde Hasan Beyin o\u011flu olarak do\u011fmu\u015ftur. \u0130lk ve Orta mektebi Trabzonda okudu. 1906 y\u0131l\u0131nda Trabzon muallim mektebinden \u00f6\u011fretmen olarak mezun oldu. \u0130lk vazifesine Giresun ilinin Har\u015fit il\u00e7esinde ba\u015flad\u0131, 1925 y\u0131l\u0131na kadar s\u0131ras\u0131 ile Torul ve S\u00fcrmene merkez ilkokullar\u0131nda bir s\u00fcre \u00e7al\u0131\u015ft\u0131. Subay olarak Balkan ve Birinci<a href=\"https:\/\/cihankama.com\/?p=57\"> &#8230;read more.<\/a><\/p>\n","protected":false},"author":1,"featured_media":0,"comment_status":"open","ping_status":"open","sticky":false,"template":"","format":"standard","meta":{"footnotes":""},"categories":[12,1],"tags":[],"class_list":["post-57","post","type-post","status-publish","format-standard","hentry","category-spor","category-uncategorized"],"_links":{"self":[{"href":"https:\/\/cihankama.com\/index.php?rest_route=\/wp\/v2\/posts\/57","targetHints":{"allow":["GET"]}}],"collection":[{"href":"https:\/\/cihankama.com\/index.php?rest_route=\/wp\/v2\/posts"}],"about":[{"href":"https:\/\/cihankama.com\/index.php?rest_route=\/wp\/v2\/types\/post"}],"author":[{"embeddable":true,"href":"https:\/\/cihankama.com\/index.php?rest_route=\/wp\/v2\/users\/1"}],"replies":[{"embeddable":true,"href":"https:\/\/cihankama.com\/index.php?rest_route=%2Fwp%2Fv2%2Fcomments&post=57"}],"version-history":[{"count":2,"href":"https:\/\/cihankama.com\/index.php?rest_route=\/wp\/v2\/posts\/57\/revisions"}],"predecessor-version":[{"id":61,"href":"https:\/\/cihankama.com\/index.php?rest_route=\/wp\/v2\/posts\/57\/revisions\/61"}],"wp:attachment":[{"href":"https:\/\/cihankama.com\/index.php?rest_route=%2Fwp%2Fv2%2Fmedia&parent=57"}],"wp:term":[{"taxonomy":"category","embeddable":true,"href":"https:\/\/cihankama.com\/index.php?rest_route=%2Fwp%2Fv2%2Fcategories&post=57"},{"taxonomy":"post_tag","embeddable":true,"href":"https:\/\/cihankama.com\/index.php?rest_route=%2Fwp%2Fv2%2Ftags&post=57"}],"curies":[{"name":"wp","href":"https:\/\/api.w.org\/{rel}","templated":true}]}}