{"id":52,"date":"2024-11-28T10:58:07","date_gmt":"2024-11-28T07:58:07","guid":{"rendered":"https:\/\/cihankama.com\/?p=52"},"modified":"2024-11-28T10:58:07","modified_gmt":"2024-11-28T07:58:07","slug":"anahtar","status":"publish","type":"post","link":"https:\/\/cihankama.com\/?p=52","title":{"rendered":"Anahtar"},"content":{"rendered":"\n<p class=\"wp-block-paragraph\">Neden esinlendim ANAHTARI konu ettim, neden akl\u0131ma ve fikrime d\u00fc\u015ft\u00fc? Sa\u011folsun Anahtar Parti Genel Ba\u015fkan\u0131 Say\u0131n Yavuz A\u011f\u0131ralio\u011flu sebep oldu diyebilirim. Yavuz bey \u00f6ncelikle iyi bir insan, ve \u00e7ok iyi bir idealisttir. \u0130\u015fte bu \u00f6zellikleri kendisine sayg\u0131 duymamda ki \u00f6nceliklerdir. Fikirlerine sayg\u0131 duymamdaki sebeptir,<\/p>\n\n\n\n<p class=\"wp-block-paragraph\">Gen\u00e7 ve dinamik bir siyaset 2023 y\u0131l\u0131 demografik verilerine g\u00f6re ya\u015f ortalamas\u0131 34 olan T\u00fcrkiyemizin en do\u011fal gereksinimidir. <\/p>\n\n\n\n<p class=\"wp-block-paragraph\">Say\u0131n Karaalio\u011flu ANAHTAR partisi ve partinin logosu anahtar ile g\u00f6n\u00fcl kap\u0131lar\u0131n\u0131n kilitlerini a\u00e7may\u0131 hedeflemi\u015f ve T\u00fcrk siyaset hayat\u0131na yeni bir soluk getirmi\u015ftir. Her insan bir kap\u0131d\u0131r; kap\u0131 kapal\u0131yken, nazik\u00e7e anahtar\u0131 aray\u0131n! Unutmay\u0131n ki her kap\u0131n\u0131n bir anahtar\u0131 vard\u0131r! Deyi\u015finde anahtar her ne kadar mecaz i\u00e7ersede nezaket g\u00f6n\u00fcl kap\u0131lar\u0131n\u0131n a\u00e7ar\u0131d\u0131r.       <\/p>\n\n\n\n<p class=\"wp-block-paragraph\">Vira bismillah demeli, okumal\u0131 dinlemeli gerekirse desteklemeli. \u0130\u00e7inde bulundu\u011fumuz \u0130RON\u0130DEN sadece idealizm ve iyilik ile \u00e7\u0131kabilece\u011fimiz unutmadan, k\u0131rmadan, d\u00f6kmeden yeni bir sabaha g\u00fcnayd\u0131n diyelim. <\/p>\n","protected":false},"excerpt":{"rendered":"<p>Neden esinlendim ANAHTARI konu ettim, neden akl\u0131ma ve fikrime d\u00fc\u015ft\u00fc? Sa\u011folsun Anahtar Parti Genel Ba\u015fkan\u0131 Say\u0131n Yavuz A\u011f\u0131ralio\u011flu sebep oldu diyebilirim. Yavuz bey \u00f6ncelikle iyi bir insan, ve \u00e7ok iyi bir idealisttir. \u0130\u015fte bu \u00f6zellikleri kendisine sayg\u0131 duymamda ki \u00f6nceliklerdir. Fikirlerine sayg\u0131 duymamdaki sebeptir, Gen\u00e7 ve dinamik bir siyaset 2023 y\u0131l\u0131 demografik verilerine g\u00f6re ya\u015f<a href=\"https:\/\/cihankama.com\/?p=52\"> &#8230;read more.<\/a><\/p>\n","protected":false},"author":1,"featured_media":0,"comment_status":"open","ping_status":"open","sticky":false,"template":"","format":"standard","meta":{"footnotes":""},"categories":[13],"tags":[],"class_list":["post-52","post","type-post","status-publish","format-standard","hentry","category-siyaset"],"_links":{"self":[{"href":"https:\/\/cihankama.com\/index.php?rest_route=\/wp\/v2\/posts\/52","targetHints":{"allow":["GET"]}}],"collection":[{"href":"https:\/\/cihankama.com\/index.php?rest_route=\/wp\/v2\/posts"}],"about":[{"href":"https:\/\/cihankama.com\/index.php?rest_route=\/wp\/v2\/types\/post"}],"author":[{"embeddable":true,"href":"https:\/\/cihankama.com\/index.php?rest_route=\/wp\/v2\/users\/1"}],"replies":[{"embeddable":true,"href":"https:\/\/cihankama.com\/index.php?rest_route=%2Fwp%2Fv2%2Fcomments&post=52"}],"version-history":[{"count":2,"href":"https:\/\/cihankama.com\/index.php?rest_route=\/wp\/v2\/posts\/52\/revisions"}],"predecessor-version":[{"id":55,"href":"https:\/\/cihankama.com\/index.php?rest_route=\/wp\/v2\/posts\/52\/revisions\/55"}],"wp:attachment":[{"href":"https:\/\/cihankama.com\/index.php?rest_route=%2Fwp%2Fv2%2Fmedia&parent=52"}],"wp:term":[{"taxonomy":"category","embeddable":true,"href":"https:\/\/cihankama.com\/index.php?rest_route=%2Fwp%2Fv2%2Fcategories&post=52"},{"taxonomy":"post_tag","embeddable":true,"href":"https:\/\/cihankama.com\/index.php?rest_route=%2Fwp%2Fv2%2Ftags&post=52"}],"curies":[{"name":"wp","href":"https:\/\/api.w.org\/{rel}","templated":true}]}}