{"id":174,"date":"2026-08-25T14:43:00","date_gmt":"2026-08-25T11:43:00","guid":{"rendered":"https:\/\/cihankama.com\/?p=174"},"modified":"2026-08-25T14:50:10","modified_gmt":"2026-08-25T11:50:10","slug":"turkiyenin-son-siyasi-teorisi","status":"publish","type":"post","link":"https:\/\/cihankama.com\/?p=174","title":{"rendered":"T\u00dcRK\u0130YE ve S\u0130YAS\u0130 TEOR\u0130S\u0130"},"content":{"rendered":"\n<p class=\"wp-block-paragraph\"><strong>\u00d6ns\u00f6z<\/strong><\/p>\n\n\n\n<p class=\"wp-block-paragraph\">21. Y\u00fczy\u0131l\u0131n d\u00fcnyas\u0131, 20. y\u00fczy\u0131l\u0131n siyasi kal\u0131plar\u0131yla a\u00e7\u0131klanamayacak kadar de\u011fi\u015fmi\u015ftir. Liberalizmin birey merkezli yakla\u015f\u0131m\u0131 toplumsal ba\u011flar\u0131 zay\u0131flat\u0131rken, sosyalizmin s\u0131n\u0131f merkezli modeli tarihsel s\u0131n\u0131rlar\u0131na ula\u015fm\u0131\u015f; etnik milliyet\u00e7ilikler ortak vatanda\u015fl\u0131k fikrini a\u015f\u0131nd\u0131rm\u0131\u015f, k\u00fcresel ekonomik sistem ise devletlerin stratejik ba\u011f\u0131ms\u0131zl\u0131\u011f\u0131n\u0131 s\u0131n\u0131rland\u0131rm\u0131\u015ft\u0131r.<\/p>\n\n\n\n<ol start=\"21\" class=\"wp-block-list\">\n<li><\/li>\n<\/ol>\n\n\n\n<p class=\"wp-block-paragraph\">T\u00fcrkiye&#8217;nin ihtiyac\u0131, bu ideolojilerden birini b\u00fct\u00fcn\u00fcyle kopyalamak de\u011fil; kendi tarih\u00ee tecr\u00fcbesinden, Cumhuriyet birikiminden, T\u00fcrk devlet gelene\u011finden, Anadolu medeniyetinden, \u0130slam&#8217;\u0131n adalet ve dayan\u0131\u015fma anlay\u0131\u015f\u0131ndan ve modern bilimden yeni bir siyasi sentez \u00fcretmektir. Bu \u00f6\u011freti;&nbsp;<strong>milleti \u00f6zne, Cumhuriyeti siyasal \u00e7er\u00e7eve, devleti stratejik ak\u0131l, adaleti ahlaki temel, bilimi gelecek vas\u0131tas\u0131 ve ba\u011f\u0131ms\u0131zl\u0131\u011f\u0131 nihai hedef&nbsp;<\/strong>olarak kabul eder.<\/p>\n\n\n\n<p class=\"wp-block-paragraph\"><strong>Temel form\u00fcl<\/strong><\/p>\n\n\n\n<p class=\"wp-block-paragraph\"><strong>Millet + Cumhuriyet + Medeniyet + Sosyal Adalet + Demokrasi + Stratejik Ba\u011f\u0131ms\u0131zl\u0131k<\/strong><\/p>\n\n\n\n<p class=\"wp-block-paragraph\">Bunun k\u0131sa ad\u0131: <strong>Millet merkezli, devlet akl\u0131na dayal\u0131, demokratik, sosyal ve medeniyet\u00e7i T\u00fcrk siyaseti.<\/strong><\/p>\n\n\n\n<p class=\"wp-block-paragraph\"><strong>1. \u00d6nce \u00fc\u00e7 eski teorinin g\u00fc\u00e7l\u00fc ve zay\u0131f taraflar\u0131n\u0131 ay\u0131rmak<\/strong><\/p>\n\n\n\n<p class=\"wp-block-paragraph\">Dugin&#8217;in y\u00f6ntemini T\u00fcrkiye&#8217;ye uygulayacaksak, \u00f6nce mevcut ideolojileri par\u00e7alar\u0131na ay\u0131rmal\u0131y\u0131z.<\/p>\n\n\n\n<figure class=\"wp-block-table\"><table class=\"has-fixed-layout\"><thead><tr><td><strong>Teori<\/strong><\/td><td><strong>Al\u0131nabilecek taraf<\/strong><\/td><td><strong>Reddedilecek taraf<\/strong><\/td><\/tr><\/thead><tbody><tr><td><strong>Liberalizm<\/strong><\/td><td>Hukuk, \u00f6zg\u00fcrl\u00fck, bireysel haklar, giri\u015fimcilik<\/td><td>A\u015f\u0131r\u0131 bireycilik, piyasay\u0131 toplumun \u00f6n\u00fcne koymak<\/td><\/tr><tr><td><strong>Sosyalizm<\/strong><\/td><td>Sosyal adalet, emek, dayan\u0131\u015fma<\/td><td>S\u0131n\u0131f \u00e7at\u0131\u015fmas\u0131, ekonomik merkeziyet\u00e7ilik<\/td><\/tr><tr><td><strong>Milliyet\u00e7ilik<\/strong><\/td><td>Mill\u00ee kimlik, egemenlik, aidiyet<\/td><td>Irk\u00e7\u0131l\u0131k, d\u0131\u015flay\u0131c\u0131l\u0131k, etnik \u00fcst\u00fcnl\u00fck<\/td><\/tr><tr><td><strong>Muhafazak\u00e2rl\u0131k<\/strong><\/td><td>Gelenek, aile, tarih, k\u00fclt\u00fcr<\/td><td>De\u011fi\u015fime kapal\u0131 stat\u00fckoculuk<\/td><\/tr><tr><td><strong>K\u00fcreselcilik<\/strong><\/td><td>Uluslararas\u0131 i\u015f birli\u011fi<\/td><td>Tek tip d\u00fcnya d\u00fczeni<\/td><\/tr><tr><td><strong>Teknokrasi<\/strong><\/td><td>Bilim, uzmanl\u0131k, verimlilik<\/td><td>Siyasetin tamamen uzmanlara b\u0131rak\u0131lmas\u0131<\/td><\/tr><\/tbody><\/table><\/figure>\n\n\n\n<p class=\"wp-block-paragraph\">Buradan yeni bir sentez \u00e7\u0131kar<\/p>\n\n\n\n<p class=\"wp-block-paragraph\"><strong>2. Birinci ilke: B\u0130REY DE\u011e\u0130L, SINIF DE\u011e\u0130L, IRK DE\u011e\u0130L \u2192 M\u0130LLET<\/strong><\/p>\n\n\n\n<p class=\"wp-block-paragraph\">Dugin&#8217;in&nbsp;<em>Dasein<\/em>&nbsp;aray\u0131\u015f\u0131na T\u00fcrk cevab\u0131&nbsp;<strong>\u201cmillet\u201d<\/strong>&nbsp;olabilir. Fakat burada millet: <strong>kan + soy + etnisite<\/strong>&nbsp;anlam\u0131na gelmemeli.<\/p>\n\n\n\n<p class=\"wp-block-paragraph\">T\u00fcrk milletini:&nbsp;<strong>Ortak tarih, ortak vatan, ortak k\u00fclt\u00fcr, ortak hukuk, ortak gelecek ve vatanda\u015fl\u0131k iradesi<\/strong>&nbsp;\u00fczerinden tan\u0131mlamak gerekir. Bu nokta \u00f6zellikle \u00f6nemlidir. \u00c7\u00fcnk\u00fc b\u00f6yle bir teori:<\/p>\n\n\n\n<p class=\"wp-block-paragraph\"><strong>T\u00fcrk\u00e7\u00fcl\u00fc\u011f\u00fc \u2192 etnik milliyet\u00e7ilikten<\/strong><\/p>\n\n\n\n<p class=\"wp-block-paragraph\"><strong>Mill\u00ee vatanda\u015fl\u0131\u011fa \u2192<\/strong>&nbsp;<strong>medeniyet milliyet\u00e7ili\u011fine<\/strong>&nbsp;ta\u015f\u0131yabilir.<\/p>\n\n\n\n<p class=\"wp-block-paragraph\">Ziya G\u00f6kalp&#8217;in \u201cT\u00fcrkle\u015fmek\u2013\u0130slamla\u015fmak\u2013Muas\u0131rla\u015fmak\u201d sentezi de zaten farkl\u0131 d\u00fc\u015f\u00fcnce alanlar\u0131n\u0131 bir araya getirmeye y\u00f6nelikti. Akademik literat\u00fcrde G\u00f6kalp&#8217;in bu \u00fc\u00e7l\u00fc form\u00fcl\u00fc k\u00fclt\u00fcr, din ve medeniyet ekseninde b\u00fct\u00fcnc\u00fcl bir sentez olarak de\u011ferlendiriliyor.&nbsp;<\/p>\n\n\n\n<p class=\"wp-block-paragraph\"><strong>3. \u0130kinci ilke: DEVLET<\/strong><\/p>\n\n\n\n<p class=\"wp-block-paragraph\">T\u00fcrk D\u00f6rd\u00fcnc\u00fc Siyasi Teorisi&#8217;nin \u00f6nemli farklar\u0131ndan biri burada ortaya \u00e7\u0131kar.<\/p>\n\n\n\n<p class=\"wp-block-paragraph\">Ne:&nbsp;<strong>\u201cDevlet her \u015feydir.\u201d<\/strong>&nbsp;ne de:&nbsp;<strong>\u201cDevlet m\u00fcmk\u00fcn oldu\u011funca k\u00fc\u00e7\u00fclmelidir.\u201d<\/strong>&nbsp;yerine:&nbsp;<strong>\u201cDevlet milletin stratejik akl\u0131d\u0131r.\u201d<\/strong>&nbsp;denebilir.<\/p>\n\n\n\n<p class=\"wp-block-paragraph\">Devlet;<\/p>\n\n\n\n<ul class=\"wp-block-list\">\n<li>G\u00fcvenlik,<\/li>\n\n\n\n<li>Hukuk,<\/li>\n\n\n\n<li>E\u011fitim,<\/li>\n\n\n\n<li>Altyap\u0131,<\/li>\n\n\n\n<li>Teknoloji,<\/li>\n\n\n\n<li>Enerji,<\/li>\n\n\n\n<li>Savunma,<\/li>\n\n\n\n<li>Demografi,<\/li>\n\n\n\n<li>Ekonomik planlama alanlar\u0131nda stratejik kapasiteye sahip olmal\u0131d\u0131r. Ama devlet&nbsp;<strong>vatanda\u015f\u0131n yerine ge\u00e7memelidir.<\/strong><\/li>\n<\/ul>\n\n\n\n<p class=\"wp-block-paragraph\">Dolay\u0131s\u0131yla:&nbsp;<strong>G\u00fc\u00e7l\u00fc devlet + \u00f6zg\u00fcr vatanda\u015f<\/strong>&nbsp;birlikte d\u00fc\u015f\u00fcn\u00fcl\u00fcr.<\/p>\n\n\n\n<p class=\"wp-block-paragraph\"><strong>4. \u00dc\u00e7\u00fcnc\u00fc ilke: CUMHUR\u0130YET<\/strong><\/p>\n\n\n\n<p class=\"wp-block-paragraph\">Burada Dugin&#8217;den ciddi bi\u00e7imde ayr\u0131lmak gerekir. T\u00fcrk D\u00f6rd\u00fcnc\u00fc Siyasi Teorisi&nbsp;<strong>otoriter bir Avrasyac\u0131l\u0131k olmamal\u0131d\u0131r.<\/strong><\/p>\n\n\n\n<p class=\"wp-block-paragraph\">T\u00fcrkiye&#8217;nin kendi tarihsel cevab\u0131:&nbsp;<strong>Cumhuriyet<\/strong>&nbsp;olmal\u0131d\u0131r.<\/p>\n\n\n\n<p class=\"wp-block-paragraph\">Dolay\u0131s\u0131yla:&nbsp;<strong>Mill\u00ee egemenlik + se\u00e7im + hukuk devleti + kuvvetler ayr\u0131l\u0131\u011f\u0131 + hesap verebilirlik<\/strong>&nbsp;teorinin vazge\u00e7ilmez unsurlar\u0131 olur. Bu, modeli Rus merkezli Avrasyac\u0131l\u0131ktan ay\u0131ran en \u00f6nemli kolonlardan biridir.<\/p>\n\n\n\n<p class=\"wp-block-paragraph\"><strong>5. D\u00f6rd\u00fcnc\u00fc ilke: SOSYAL M\u0130LL\u0130YET\u00c7\u0130L\u0130K<\/strong><\/p>\n\n\n\n<p class=\"wp-block-paragraph\">Burada senin daha \u00f6nce \u00fczerinde \u00e7al\u0131\u015ft\u0131\u011f\u0131m\u0131z&nbsp;<strong>\u201cmillet merkezli siyaset\u201d<\/strong>&nbsp;fikri \u00f6nemli bir teorik kar\u015f\u0131l\u0131k buluyor.<\/p>\n\n\n\n<p class=\"wp-block-paragraph\">Milliyet\u00e7ilik yaln\u0131zca:&nbsp;<strong>bayrak + s\u0131n\u0131r + g\u00fcvenlik<\/strong>&nbsp;olmamal\u0131.<\/p>\n\n\n\n<p class=\"wp-block-paragraph\">Ayn\u0131 zamanda:&nbsp;<strong>konut + e\u011fitim + sa\u011fl\u0131k + adil \u00fccret + f\u0131rsat e\u015fitli\u011fi + sosyal hareketlilik<\/strong>&nbsp;demeli.<\/p>\n\n\n\n<p class=\"wp-block-paragraph\">Yani:&nbsp;<strong>Milleti g\u00fc\u00e7l\u00fc k\u0131lman\u0131n yolu vatanda\u015f\u0131n\u0131 g\u00fc\u00e7l\u00fc k\u0131lmakt\u0131r.<\/strong>&nbsp;Bu nedenle T\u00fcrk D\u00f6rd\u00fcnc\u00fc Siyasi Teorisi ekonomik olarak:<\/p>\n\n\n\n<p class=\"wp-block-paragraph\"><strong>Sosyal piyasa ekonomisi<\/strong> Modeline yakla\u015fabilir.&nbsp;<strong>\u00d6zel sekt\u00f6r + rekabet + giri\u015fimcilik + stratejik devlet + sosyal koruma<\/strong>&nbsp;birlikte bulunur.<\/p>\n\n\n\n<p class=\"wp-block-paragraph\"><strong>6. Be\u015finci ilke: GELENEK + MODERN\u0130TE<\/strong><\/p>\n\n\n\n<p class=\"wp-block-paragraph\">G\u00f6kalp&#8217;in en g\u00fc\u00e7l\u00fc miraslar\u0131ndan biri burada yeniden kullan\u0131labilir.<\/p>\n\n\n\n<p class=\"wp-block-paragraph\">Denklem:&nbsp;<strong>Gelenek \u2260 gerilik<\/strong>&nbsp;ve&nbsp;<strong>Modernle\u015fme \u2260 Bat\u0131l\u0131la\u015fman\u0131n taklidi<\/strong>&nbsp;olmal\u0131d\u0131r.<\/p>\n\n\n\n<p class=\"wp-block-paragraph\">Yeni form\u00fcl:&nbsp;<strong>K\u00f6kleri ge\u00e7mi\u015fte, y\u00f6n\u00fc gelecekte olan toplum.<\/strong><\/p>\n\n\n\n<p class=\"wp-block-paragraph\">\u00d6rne\u011fin:<\/p>\n\n\n\n<p class=\"wp-block-paragraph\"><strong>Ahilik \u2192 modern kooperatif\u00e7ilik<\/strong><\/p>\n\n\n\n<p class=\"wp-block-paragraph\"><strong>Vak\u0131f \u2192 sosyal giri\u015fimcilik<\/strong><\/p>\n\n\n\n<p class=\"wp-block-paragraph\"><strong>Me\u015fveret \u2192 kat\u0131l\u0131mc\u0131 demokrasi<\/strong><\/p>\n\n\n\n<p class=\"wp-block-paragraph\"><strong>T\u00f6re \u2192 hukuk devleti<\/strong><\/p>\n\n\n\n<p class=\"wp-block-paragraph\"><strong>T\u00fcrk devlet gelene\u011fi \u2192 kurumsal devlet<\/strong>&nbsp;\u015eeklinde yeniden yorumlanabilir.<\/p>\n\n\n\n<p class=\"wp-block-paragraph\"><strong>7. Alt\u0131nc\u0131 ilke: T\u00dcRK\u0130YE MERKEZL\u0130 JEOPOL\u0130T\u0130K<\/strong><\/p>\n\n\n\n<p class=\"wp-block-paragraph\">Dugin&#8217;in Avrasyac\u0131l\u0131\u011f\u0131:&nbsp;<strong>Rusya merkezli Avrasya<\/strong>&nbsp;\u00f6nerir.<\/p>\n\n\n\n<p class=\"wp-block-paragraph\">T\u00fcrk modeli ise:&nbsp;<strong>T\u00fcrkiye merkezli \u00e7ok y\u00f6nl\u00fc jeopolitik<\/strong>&nbsp;olmal\u0131d\u0131r.<\/p>\n\n\n\n<p class=\"wp-block-paragraph\">T\u00fcrkiye:&nbsp;<strong>Avrupa&#8217;ya kar\u015f\u0131 Rusya<\/strong>&nbsp;veya&nbsp;<strong>Rusya&#8217;ya kar\u015f\u0131 ABD<\/strong>&nbsp;ikili\u011fine hapsedilmemelidir.<\/p>\n\n\n\n<p class=\"wp-block-paragraph\">Bunun yerine:&nbsp;<strong>Ankara merkezli \u00e7ok vekt\u00f6rl\u00fc d\u0131\u015f politika<\/strong><\/p>\n\n\n\n<p class=\"wp-block-paragraph\"><strong>T\u00fcrk D\u00fcnyas\u0131 + Avrupa + \u0130slam D\u00fcnyas\u0131 + Kafkasya + Balkanlar + Karadeniz + Orta Do\u011fu + Akdeniz<\/strong>&nbsp;ile ayn\u0131 anda ili\u015fki kurmal\u0131d\u0131r.<\/p>\n\n\n\n<p class=\"wp-block-paragraph\">Buradaki temel prensip:&nbsp;<strong>T\u00fcrkiye bir ba\u015fkas\u0131n\u0131n jeopolitik kanad\u0131 de\u011fil, kendi jeopoliti\u011finin merkezidir.<\/strong><\/p>\n\n\n\n<p class=\"wp-block-paragraph\"><strong>8. Yedinci ilke: T\u00dcRK D\u00dcNYASI<\/strong><\/p>\n\n\n\n<p class=\"wp-block-paragraph\">Burada klasik Pant\u00fcrkizmden farkl\u0131 bir yakla\u015f\u0131m gerekir.<\/p>\n\n\n\n<p class=\"wp-block-paragraph\">Ama\u00e7:&nbsp;<strong>tek devlet<\/strong>&nbsp;de\u011fil;&nbsp;<strong>stratejik T\u00fcrk d\u00fcnyas\u0131 a\u011f\u0131<\/strong>&nbsp;olabilir.<\/p>\n\n\n\n<p class=\"wp-block-paragraph\">\u00d6rne\u011fin:&nbsp;<strong>Ankara \u2013 Bak\u00fc \u2013 Astana \u2013 Ta\u015fkent \u2013 Bi\u015fkek \u2013 A\u015fkabat<\/strong>&nbsp;aras\u0131nda:<\/p>\n\n\n\n<ul class=\"wp-block-list\">\n<li>Savunma,<\/li>\n\n\n\n<li>Enerji,<\/li>\n\n\n\n<li>Ula\u015ft\u0131rma,<\/li>\n\n\n\n<li>E\u011fitim,<\/li>\n\n\n\n<li>K\u00fclt\u00fcr,<\/li>\n\n\n\n<li>Teknoloji,<\/li>\n\n\n\n<li>Ticaret,<\/li>\n\n\n\n<li>Diplomasi alanlar\u0131nda entegrasyon.<\/li>\n<\/ul>\n\n\n\n<p class=\"wp-block-paragraph\">Bu nedenle:&nbsp;<strong>Turan bir s\u0131n\u0131r projesinden \u00f6nce bir a\u011f projesidir.<\/strong>&nbsp;Bu olduk\u00e7a \u00f6nemli bir teorik ayr\u0131m olur.<\/p>\n\n\n\n<p class=\"wp-block-paragraph\"><strong>9. Sekizinci ilke: D\u0130J\u0130TAL M\u0130LL\u00ce EGEMENL\u0130K<\/strong><\/p>\n\n\n\n<p class=\"wp-block-paragraph\">2026 T\u00fcrkiye&#8217;sinde Dugin&#8217;in teorisini aynen kopyalamak zaten m\u00fcmk\u00fcn de\u011fil.<\/p>\n\n\n\n<p class=\"wp-block-paragraph\">\u00c7\u00fcnk\u00fc yeni g\u00fc\u00e7 alanlar\u0131:&nbsp;<strong>yapay zek\u00e2 + veri + \u00e7ip + enerji + uzay + siber g\u00fcvenlik + biyoteknoloji<\/strong>&nbsp;haline geldi. Dolay\u0131s\u0131yla yeni teori \u015funu savunabilir:&nbsp;<strong>Toprak egemenli\u011fi kadar veri egemenli\u011fi de mill\u00ee egemenliktir.<\/strong><\/p>\n\n\n\n<p class=\"wp-block-paragraph\">T\u00fcrkiye&#8217;nin;<\/p>\n\n\n\n<ul class=\"wp-block-list\">\n<li>Kendi yapay zek\u00e2 kapasitesi,<\/li>\n\n\n\n<li>Veri altyap\u0131s\u0131,<\/li>\n\n\n\n<li>Savunma teknolojisi,<\/li>\n\n\n\n<li>Uydu\/uzay kapasitesi,<\/li>\n\n\n\n<li>Enerji teknolojisi,<\/li>\n\n\n\n<li>Yar\u0131 iletken ekosistemi olmal\u0131d\u0131r.<\/li>\n<\/ul>\n\n\n\n<p class=\"wp-block-paragraph\"><strong>10. Dokuzuncu ilke: DEMOGRAF\u0130<\/strong><\/p>\n\n\n\n<p class=\"wp-block-paragraph\">Bence T\u00fcrk D\u00f6rd\u00fcnc\u00fc Siyasi Teorisi&#8217;nin klasik milliyet\u00e7iliklerden ayr\u0131labilece\u011fi en \u00f6nemli alanlardan biri&nbsp;<strong>demografi<\/strong>&nbsp;olur. \u00c7\u00fcnk\u00fc gelecekte devletlerin g\u00fcc\u00fc yaln\u0131zca asker\u00ee veya ekonomik de\u011fil:&nbsp;<strong>n\u00fcfusun niteli\u011fi + n\u00fcfusun ya\u015f\u0131 + aile yap\u0131s\u0131 + insan sermayesi<\/strong>&nbsp;ile belirlenecek.<\/p>\n\n\n\n<p class=\"wp-block-paragraph\">Dolay\u0131s\u0131yla:&nbsp;<strong>Mill\u00ee demografi politikas\u0131<\/strong>&nbsp;teorinin temel unsurlar\u0131ndan biri olabilir.<\/p>\n\n\n\n<p class=\"wp-block-paragraph\">Ama bu politika:&nbsp;<strong>zorlay\u0131c\u0131 n\u00fcfus m\u00fchendisli\u011fi<\/strong>&nbsp;de\u011fil;&nbsp;<strong>aileyi destekleme + gen\u00e7 n\u00fcfus + e\u011fitim + \u00fcretkenlik + nitelikli g\u00f6\u00e7 y\u00f6netimi + b\u00f6lgesel denge<\/strong>&nbsp;\u00fczerinden kurulmal\u0131d\u0131r.<\/p>\n\n\n\n<p class=\"wp-block-paragraph\"><strong>11. Onuncu ilke: MEDEN\u0130YET\u00c7\u0130L\u0130K<\/strong><\/p>\n\n\n\n<p class=\"wp-block-paragraph\">Burada milliyet\u00e7ilik daha \u00fcst bir seviyeye \u00e7\u0131kar. <\/p>\n\n\n\n<p class=\"wp-block-paragraph\">Klasik milliyet\u00e7ilik: \u201cBiz kimiz?\u201d diye sorar.<\/p>\n\n\n\n<p class=\"wp-block-paragraph\">Medeniyet\u00e7i siyaset:&nbsp;<strong>\u201cBiz insanl\u0131\u011fa ne sunuyoruz?\u201d<\/strong>&nbsp;diye sorar.<\/p>\n\n\n\n<p class=\"wp-block-paragraph\">T\u00fcrk modeli:&nbsp;<strong>T\u00fcrk-\u0130slam medeniyet miras\u0131 + Anadolu + Osmanl\u0131 tecr\u00fcbesi + Cumhuriyet + bilim ve teknoloji<\/strong>sentezinden yeni bir medeniyet iddias\u0131 geli\u015ftirebilir.<\/p>\n\n\n\n<p class=\"wp-block-paragraph\"><strong>B\u00f6ylece ortaya 10 s\u00fctun \u00e7\u0131kar<\/strong><\/p>\n\n\n\n<p class=\"wp-block-paragraph\"><strong>1. Millet<\/strong><br>Kimlik ve ortak aidiyet.<\/p>\n\n\n\n<p class=\"wp-block-paragraph\"><strong>2. Cumhuriyet<\/strong><br>Mill\u00ee egemenlik ve demokrasi.<\/p>\n\n\n\n<p class=\"wp-block-paragraph\"><strong>3. Devlet<\/strong><br>Stratejik kapasite ve kamu d\u00fczeni.<\/p>\n\n\n\n<p class=\"wp-block-paragraph\"><strong>4. Sosyal adalet<\/strong><br>G\u00fc\u00e7l\u00fc vatanda\u015f ve sosyal piyasa.<\/p>\n\n\n\n<p class=\"wp-block-paragraph\"><strong>5. Gelenek<\/strong><br>Tarih\u00ee haf\u0131zan\u0131n korunmas\u0131.<\/p>\n\n\n\n<p class=\"wp-block-paragraph\"><strong>6. Modernle\u015fme<\/strong><br>Bilim ve teknolojiyle gelece\u011fe y\u00f6nelme.<\/p>\n\n\n\n<p class=\"wp-block-paragraph\"><strong>7. Medeniyet<\/strong><br>T\u00fcrkiye&#8217;nin kendi k\u00fclt\u00fcrel sentezi.<\/p>\n\n\n\n<p class=\"wp-block-paragraph\"><strong>8. Stratejik ba\u011f\u0131ms\u0131zl\u0131k<\/strong><br>Ekonomik, teknolojik ve asker\u00ee kapasite.<\/p>\n\n\n\n<p class=\"wp-block-paragraph\"><strong>9. T\u00fcrk d\u00fcnyas\u0131<\/strong><br>K\u00fclt\u00fcrel ve stratejik a\u011f.<\/p>\n\n\n\n<p class=\"wp-block-paragraph\"><strong>10. \u00c7ok kutupluluk<\/strong><br>Hi\u00e7bir b\u00fcy\u00fck g\u00fcc\u00fcn uydusu olmamak.<\/p>\n\n\n\n<p class=\"wp-block-paragraph\"><strong>En k\u0131sa ideolojik form\u00fcl<\/strong><\/p>\n\n\n\n<p class=\"wp-block-paragraph\">Bunu tek sat\u0131ra indirirsek:<\/p>\n\n\n\n<p class=\"wp-block-paragraph\"><strong>\u201cK\u00f6k\u00fc T\u00fcrk milletinde, kurumu Cumhuriyet&#8217;te, ahl\u00e2k\u0131 adalette, ufku medeniyette, g\u00fcc\u00fc devlette, hedefi bilimde ve y\u00f6n\u00fc ba\u011f\u0131ms\u0131zl\u0131kta olan siyaset.\u201d<\/strong><\/p>\n\n\n\n<p class=\"wp-block-paragraph\">T\u00fcrkiye&#8217;nin yapabilece\u011fi ise: <strong>\u201cT\u00fcrk milleti ve T\u00fcrkiye Cumhuriyeti i\u00e7in 21. y\u00fczy\u0131l\u0131n yeni siyasi teorisi.\u201d<\/strong>&nbsp;olabilir.<\/p>\n\n\n\n<p class=\"wp-block-paragraph\">Ve burada \u00e7ok ilgin\u00e7 bir entelekt\u00fcel zincir kuruluyor:<\/p>\n\n\n\n<p class=\"wp-block-paragraph\"><strong>Ak\u00e7ura \u2192 G\u00f6kalp \u2192 Atat\u00fcrk \u2192 21. y\u00fczy\u0131l T\u00fcrk D\u00f6rd\u00fcnc\u00fc Siyasi Teorisi<\/strong><\/p>\n\n\n\n<p class=\"wp-block-paragraph\">Ak\u00e7ura&nbsp;<strong>siyasi se\u00e7enekleri<\/strong>, G\u00f6kalp&nbsp;<strong>k\u00fclt\u00fcr-millet sentezini<\/strong>, Atat\u00fcrk&nbsp;<strong>cumhuriyet\u00e7i devlet modelini<\/strong>&nbsp;ortaya koydu; yeni teori ise bunlar\u0131n \u00fczerine&nbsp;<strong>sosyal adalet + teknoloji + demografi + T\u00fcrk d\u00fcnyas\u0131 + \u00e7ok kutupluluk<\/strong>&nbsp;katmanlar\u0131n\u0131 ekleyebilir.<\/p>\n\n\n\n<p class=\"wp-block-paragraph\"><strong>I. KURUCULAR D\u0130Z\u0130S\u0130<\/strong><\/p>\n\n\n\n<p class=\"wp-block-paragraph\">T\u00fcrk D\u00f6rd\u00fcnc\u00fc Siyasi Teorisi s\u0131f\u0131rdan ortaya \u00e7\u0131km\u0131\u015f bir ideoloji de\u011fildir.<\/p>\n\n\n\n<p class=\"wp-block-paragraph\">D\u00f6rt b\u00fcy\u00fck d\u00fc\u015f\u00fcnsel damar \u00fczerinde y\u00fckselir:<\/p>\n\n\n\n<p class=\"wp-block-paragraph\"><strong>1. Yusuf Ak\u00e7ura \u2014 Siyasi ger\u00e7ek\u00e7ilik<\/strong><\/p>\n\n\n\n<p class=\"wp-block-paragraph\">Ak\u00e7ura&#8217;n\u0131n \u201c\u00dc\u00e7 Tarz-\u0131 Siyaset\u201d tart\u0131\u015fmas\u0131 T\u00fcrkiye&#8217;nin modern siyasi se\u00e7eneklerini te\u015fhis eder.<\/p>\n\n\n\n<p class=\"wp-block-paragraph\"><strong>Ders:<\/strong>&nbsp;Siyasi kimlik, romantik arzularla de\u011fil, tarihsel \u015fartlar\u0131n ger\u00e7ek\u00e7i analiziyle kurulmal\u0131d\u0131r.<\/p>\n\n\n\n<p class=\"wp-block-paragraph\"><strong>2. Ziya G\u00f6kalp \u2014 Millet ve k\u00fclt\u00fcr<\/strong><\/p>\n\n\n\n<p class=\"wp-block-paragraph\">G\u00f6kalp, milletin yaln\u0131zca biyolojik soyla de\u011fil; k\u00fclt\u00fcr, dil, e\u011fitim ve ortak de\u011ferlerle meydana geldi\u011fini d\u00fc\u015f\u00fcn\u00fcr.<\/p>\n\n\n\n<p class=\"wp-block-paragraph\"><strong>Ders:<\/strong>&nbsp;Milliyet\u00e7ilik kapsay\u0131c\u0131 bir k\u00fclt\u00fcr ve vatanda\u015fl\u0131k siyasetine d\u00f6n\u00fc\u015fmelidir.<\/p>\n\n\n\n<p class=\"wp-block-paragraph\"><strong>3. Mustafa Kemal Atat\u00fcrk \u2014 Cumhuriyet ve egemenlik<\/strong><\/p>\n\n\n\n<p class=\"wp-block-paragraph\">Atat\u00fcrk&#8217;\u00fcn temel katk\u0131s\u0131, mill\u00ee egemenli\u011fi modern devlet ve Cumhuriyet kurumlar\u0131yla birle\u015ftirmesidir.<\/p>\n\n\n\n<p class=\"wp-block-paragraph\"><strong>Ders:<\/strong>&nbsp;Milliyet\u00e7ilik demokrasi ve Cumhuriyet d\u0131\u015f\u0131nda d\u00fc\u015f\u00fcn\u00fclmemelidir.<\/p>\n\n\n\n<p class=\"wp-block-paragraph\"><strong>4. 21. y\u00fczy\u0131l T\u00fcrk siyaseti \u2014 Yeni sentez<\/strong><\/p>\n\n\n\n<p class=\"wp-block-paragraph\">Yeni d\u00f6nemin meseleleri:<\/p>\n\n\n\n<ul class=\"wp-block-list\">\n<li>Yapay zek\u00e2,<\/li>\n\n\n\n<li>Demografi,<\/li>\n\n\n\n<li>Enerji,<\/li>\n\n\n\n<li>Savunma teknolojileri,<\/li>\n\n\n\n<li>Veri egemenli\u011fi,<\/li>\n\n\n\n<li>\u0130klim,<\/li>\n\n\n\n<li>G\u00f6\u00e7,<\/li>\n\n\n\n<li>K\u00fcresel g\u00fc\u00e7 rekabeti,<\/li>\n\n\n\n<li>T\u00fcrk d\u00fcnyas\u0131,<\/li>\n\n\n\n<li>Ekonomik ba\u011f\u0131ms\u0131zl\u0131k gibi yeni ba\u015fl\u0131klar\u0131 zorunlu k\u0131lmaktad\u0131r.<\/li>\n<\/ul>\n\n\n\n<p class=\"wp-block-paragraph\"><strong>Ders:<\/strong>&nbsp;20. y\u00fczy\u0131l\u0131n milliyet\u00e7ili\u011fi, 21. y\u00fczy\u0131l\u0131n teknoloji ve jeopoliti\u011fiyle yeniden yorumlanmal\u0131d\u0131r.<\/p>\n\n\n\n<p class=\"wp-block-paragraph\"><strong>II. ON KURUCU TEZ<\/strong><\/p>\n\n\n\n<p class=\"wp-block-paragraph\"><strong>TEZ 1 \u2014 Millet siyasetin \u00f6znesidir<\/strong><\/p>\n\n\n\n<p class=\"wp-block-paragraph\">T\u00fcrk D\u00f6rd\u00fcnc\u00fc Siyasi Teorisi&#8217;nin merkezinde:&nbsp;<strong>birey de\u011fil bireylerin olu\u015fturdu\u011fu millet, s\u0131n\u0131f de\u011fil ortak toplum, \u0131rk de\u011fil ortak vatanda\u015fl\u0131k vard\u0131r.<\/strong><\/p>\n\n\n\n<p class=\"wp-block-paragraph\">Millet;<\/p>\n\n\n\n<ul class=\"wp-block-list\">\n<li>Ortak vatan,<\/li>\n\n\n\n<li>Ortak tarih,<\/li>\n\n\n\n<li>Ortak hukuk,<\/li>\n\n\n\n<li>Ortak k\u00fclt\u00fcr,<\/li>\n\n\n\n<li>Ortak gelecek iradesi \u00fczerinde y\u00fckselen siyasi topluluktur.<\/li>\n<\/ul>\n\n\n\n<p class=\"wp-block-paragraph\"><strong>Temel ilke:&nbsp;<\/strong><strong>T\u00fcrk milleti bir \u0131rk kategorisi de\u011fil, tarih\u00ee ve siyas\u00ee bir millet b\u00fct\u00fcn\u00fcd\u00fcr.<\/strong><strong><\/strong><\/p>\n\n\n\n<p class=\"wp-block-paragraph\"><strong>TEZ 2 \u2014 Cumhuriyet vazge\u00e7ilmezdir<\/strong><\/p>\n\n\n\n<p class=\"wp-block-paragraph\">Devletin me\u015fruiyet kayna\u011f\u0131:&nbsp;<strong>mill\u00ee egemenliktir.<\/strong><\/p>\n\n\n\n<p class=\"wp-block-paragraph\">Bu nedenle:<\/p>\n\n\n\n<ul class=\"wp-block-list\">\n<li>Se\u00e7im,<\/li>\n\n\n\n<li>Hukuk devleti,<\/li>\n\n\n\n<li>Kuvvetler ayr\u0131l\u0131\u011f\u0131,<\/li>\n\n\n\n<li>Ba\u011f\u0131ms\u0131z yarg\u0131,<\/li>\n\n\n\n<li>Temel haklar,<\/li>\n\n\n\n<li>\u0130fade \u00f6zg\u00fcrl\u00fc\u011f\u00fc,<\/li>\n\n\n\n<li>Siyasi \u00e7o\u011fulculuk,<\/li>\n\n\n\n<li>Hesap verebilirlik<\/li>\n<\/ul>\n\n\n\n<p class=\"wp-block-paragraph\">\u00d6\u011fretinin vazge\u00e7ilmez par\u00e7alar\u0131d\u0131r. T\u00fcrk D\u00f6rd\u00fcnc\u00fc Siyasi Teorisi otoriter bir rejim aray\u0131\u015f\u0131 de\u011fildir.<\/p>\n\n\n\n<p class=\"wp-block-paragraph\"><strong>Form\u00fcl:&nbsp;<\/strong><strong>G\u00fc\u00e7l\u00fc devlet + \u00f6zg\u00fcr vatanda\u015f + demokratik Cumhuriyet<\/strong><strong><\/strong><\/p>\n\n\n\n<p class=\"wp-block-paragraph\"><strong>TEZ 3 \u2014 Devlet milletin stratejik akl\u0131d\u0131r<\/strong><\/p>\n\n\n\n<p class=\"wp-block-paragraph\">Devlet ne toplumun \u00fczerinde s\u0131n\u0131rs\u0131z bir g\u00fc\u00e7 ne de k\u00fc\u00e7\u00fclt\u00fclmesi gereken gereksiz bir b\u00fcrokrasi olarak g\u00f6r\u00fcl\u00fcr.<\/p>\n\n\n\n<p class=\"wp-block-paragraph\">Devletin g\u00f6revi:&nbsp;<strong>milletin uzun vadeli g\u00fcvenli\u011fini ve refah\u0131n\u0131 garanti edecek stratejik kapasiteyi olu\u015fturmak.<\/strong><\/p>\n\n\n\n<p class=\"wp-block-paragraph\">Devlet \u00f6zellikle:<\/p>\n\n\n\n<ul class=\"wp-block-list\">\n<li>Milli savunma,<\/li>\n\n\n\n<li>Milli enerji,<\/li>\n\n\n\n<li>Kritik teknoloji,<\/li>\n\n\n\n<li>Altyap\u0131,<\/li>\n\n\n\n<li>Milli e\u011fitim,<\/li>\n\n\n\n<li>Sa\u011fl\u0131k,<\/li>\n\n\n\n<li>Milli demografi,<\/li>\n\n\n\n<li>Milli stratejik sanayi alanlar\u0131nda g\u00fc\u00e7l\u00fc olmal\u0131d\u0131r. Fakat vatanda\u015f\u0131n ekonomik ve sosyal hayat\u0131n\u0131n her alan\u0131n\u0131 kontrol etmemelidir.<\/li>\n<\/ul>\n\n\n\n<p class=\"wp-block-paragraph\"><strong>TEZ 4 \u2014 Adalet devletin ahlak\u0131d\u0131r<\/strong><\/p>\n\n\n\n<p class=\"wp-block-paragraph\">Adalet yaln\u0131zca mahkeme karar\u0131 de\u011fildir.<\/p>\n\n\n\n<p class=\"wp-block-paragraph\">Adalet:&nbsp;<strong>hukuk + f\u0131rsat e\u015fitli\u011fi + liyakat + sosyal denge + ku\u015faklar aras\u0131 adalet<\/strong>&nbsp;b\u00fct\u00fcn\u00fcd\u00fcr. Bu nedenle:&nbsp;<strong>Liyakat yoksa devlet \u00e7\u00fcr\u00fcr; adalet yoksa millet \u00e7\u00f6z\u00fcl\u00fcr.<\/strong><\/p>\n\n\n\n<p class=\"wp-block-paragraph\">Devlet kadrolar\u0131nda:&nbsp;<strong>sadakat \u2192 \u015fahsa de\u011fil devlete ve hukuka<\/strong>&nbsp;olmal\u0131d\u0131r.<\/p>\n\n\n\n<p class=\"wp-block-paragraph\"><strong>TEZ 5 \u2014 Ekonominin amac\u0131 insan ve milletin refah\u0131d\u0131r<\/strong><\/p>\n\n\n\n<p class=\"wp-block-paragraph\">\u00d6\u011freti ne klasik devlet\u00e7ilik ne de s\u0131n\u0131rs\u0131z piyasa liberalizmidir.<\/p>\n\n\n\n<p class=\"wp-block-paragraph\"><strong>Stratejik Sosyal Piyasa Ekonomisi<\/strong><\/p>\n\n\n\n<p class=\"wp-block-paragraph\"><strong>Piyasa:<\/strong><\/p>\n\n\n\n<ul class=\"wp-block-list\">\n<li>Rekabet,<\/li>\n\n\n\n<li>Giri\u015fimcilik,<\/li>\n\n\n\n<li>\u00d6zel m\u00fclkiyet,<\/li>\n\n\n\n<li>Yenilik\u00e7ilik,<\/li>\n\n\n\n<li>Yat\u0131r\u0131m \u00fcretir.<\/li>\n<\/ul>\n\n\n\n<p class=\"wp-block-paragraph\"><strong>Devlet:<\/strong><\/p>\n\n\n\n<ul class=\"wp-block-list\">\n<li>Stratejik planlama,<\/li>\n\n\n\n<li>Rekabet d\u00fczeni,<\/li>\n\n\n\n<li>Sosyal g\u00fcvence,<\/li>\n\n\n\n<li>Kritik sekt\u00f6rlerin korunmas\u0131,<\/li>\n\n\n\n<li>Altyap\u0131,<\/li>\n\n\n\n<li>Uzun vadeli yat\u0131r\u0131m sa\u011flar.<\/li>\n<\/ul>\n\n\n\n<p class=\"wp-block-paragraph\"><strong>Toplum:<\/strong><\/p>\n\n\n\n<ul class=\"wp-block-list\">\n<li>Kooperatifler,<\/li>\n\n\n\n<li>Vak\u0131flar,<\/li>\n\n\n\n<li>Meslek kurulu\u015flar\u0131,<\/li>\n\n\n\n<li>Sosyal giri\u015fimler ile ekonomik hayat\u0131n \u00fc\u00e7\u00fcnc\u00fc akt\u00f6r\u00fcn\u00fc olu\u015fturur.<\/li>\n<\/ul>\n\n\n\n<p class=\"wp-block-paragraph\"><strong>Temel ilke:&nbsp;<\/strong><strong>Serbest giri\u015fim, sosyal sorumluluk ve stratejik devlet ayn\u0131 ekonomik sistem i\u00e7inde bulunabilir.<\/strong><strong><\/strong><\/p>\n\n\n\n<p class=\"wp-block-paragraph\"><strong>TEZ 6 \u2014 Gelenek korunur, gelecek in\u015fa edilir<\/strong><\/p>\n\n\n\n<p class=\"wp-block-paragraph\">T\u00fcrk D\u00f6rd\u00fcnc\u00fc Siyasi Teorisi ge\u00e7mi\u015fi kutsalla\u015ft\u0131rmaz; ge\u00e7mi\u015ften gelecek i\u00e7in kurum ve de\u011fer \u00fcretir.<\/p>\n\n\n\n<p class=\"wp-block-paragraph\">\u00d6rne\u011fin:<\/p>\n\n\n\n<p class=\"wp-block-paragraph\"><strong>Ahilik \u2192 modern meslek ahlak\u0131 ve kooperatif\u00e7ilik<\/strong><\/p>\n\n\n\n<p class=\"wp-block-paragraph\"><strong>Vak\u0131f \u2192 sosyal dayan\u0131\u015fma<\/strong><\/p>\n\n\n\n<p class=\"wp-block-paragraph\"><strong>Me\u015fveret \u2192 kat\u0131l\u0131mc\u0131 demokrasi<\/strong><\/p>\n\n\n\n<p class=\"wp-block-paragraph\"><strong>T\u00f6re \u2192 hukuk ve kamu ahlak\u0131<\/strong><\/p>\n\n\n\n<p class=\"wp-block-paragraph\"><strong>T\u00fcrk devlet gelene\u011fi \u2192 kurumsal devlet<\/strong>&nbsp;olarak yeniden yorumlanabilir.<\/p>\n\n\n\n<p class=\"wp-block-paragraph\"><strong>Temel ilke:<\/strong><\/p>\n\n\n\n<p class=\"wp-block-paragraph\"><strong>K\u00f6klerden g\u00fc\u00e7 almak ge\u00e7mi\u015fte ya\u015famak de\u011fildir.<\/strong><\/p>\n\n\n\n<p class=\"wp-block-paragraph\"><strong>TEZ 7 \u2014 Modernle\u015fme Bat\u0131l\u0131la\u015fman\u0131n taklidi de\u011fildir<\/strong><\/p>\n\n\n\n<p class=\"wp-block-paragraph\">T\u00fcrkiye&#8217;nin modernle\u015fmesi:&nbsp;<strong>Bat\u0131&#8217;n\u0131n kopyalanmas\u0131<\/strong>&nbsp;olmamal\u0131d\u0131r.<\/p>\n\n\n\n<p class=\"wp-block-paragraph\">Ama:&nbsp;<strong>Bat\u0131&#8217;n\u0131n b\u00fct\u00fcn kazan\u0131mlar\u0131n\u0131n reddedilmesi<\/strong>&nbsp;de de\u011fildir.<\/p>\n\n\n\n<p class=\"wp-block-paragraph\">T\u00fcrkiye:<\/p>\n\n\n\n<ul class=\"wp-block-list\">\n<li>Bilimi,<\/li>\n\n\n\n<li>Teknolojiyi,<\/li>\n\n\n\n<li>Hukuku,<\/li>\n\n\n\n<li>Kurumsal y\u00f6netimi,<\/li>\n\n\n\n<li>\u00d6zg\u00fcrl\u00fckleri,<\/li>\n\n\n\n<li>\u00dcretim k\u00fclt\u00fcr\u00fcn\u00fc evrensel kazan\u0131mlar olarak de\u011ferlendirmelidir.<\/li>\n<\/ul>\n\n\n\n<p class=\"wp-block-paragraph\">Fakat bunlar\u0131 kendi toplumsal yap\u0131s\u0131yla sentezlemelidir.<\/p>\n\n\n\n<p class=\"wp-block-paragraph\"><strong>Form\u00fcl:&nbsp;<\/strong><strong>Evrensel bilim + mill\u00ee k\u00fclt\u00fcr + demokratik Cumhuriyet<\/strong><strong><\/strong><\/p>\n\n\n\n<p class=\"wp-block-paragraph\"><strong>TEZ 8 \u2014 T\u00fcrkiye \u00e7ok kutuplu d\u00fcnyan\u0131n ba\u011f\u0131ms\u0131z kutbudur<\/strong><\/p>\n\n\n\n<p class=\"wp-block-paragraph\">Dugin&#8217;in Rusya merkezli Avrasyac\u0131l\u0131\u011f\u0131ndan en \u00f6nemli ayr\u0131m burada ortaya \u00e7\u0131kar.<\/p>\n\n\n\n<p class=\"wp-block-paragraph\">T\u00fcrkiye:&nbsp;<strong>Washington&#8217;un uydusu<\/strong>&nbsp;olmad\u0131\u011f\u0131 gibi,&nbsp;<strong>Moskova&#8217;n\u0131n uydusu<\/strong>&nbsp;da olmamal\u0131d\u0131r.<\/p>\n\n\n\n<p class=\"wp-block-paragraph\">Ayn\u0131 \u015fekilde:&nbsp;<strong>Pekin&#8217;in ekonomik uzant\u0131s\u0131<\/strong>&nbsp;veya herhangi bir ba\u015fka g\u00fcc\u00fcn vekili olmamal\u0131d\u0131r.<\/p>\n\n\n\n<p class=\"wp-block-paragraph\">T\u00fcrkiye&#8217;nin d\u0131\u015f politika ilkesi:&nbsp;<strong>Dostluklar kal\u0131c\u0131 olabilir; ba\u011f\u0131ml\u0131l\u0131klar kal\u0131c\u0131 olmamal\u0131d\u0131r.<\/strong><\/p>\n\n\n\n<p class=\"wp-block-paragraph\"><strong>TEZ 9 \u2014 T\u00fcrk D\u00fcnyas\u0131 stratejik bir a\u011fd\u0131r<\/strong><\/p>\n\n\n\n<p class=\"wp-block-paragraph\">T\u00fcrk d\u00fcnyas\u0131 yaln\u0131zca k\u00fclt\u00fcrel bir romantizm de\u011fildir. 21. y\u00fczy\u0131lda:<\/p>\n\n\n\n<p class=\"wp-block-paragraph\"><strong>Ticaret + enerji + ula\u015f\u0131m + savunma + teknoloji + e\u011fitim + k\u00fclt\u00fcr<\/strong>&nbsp;alanlar\u0131nda ortakl\u0131k a\u011f\u0131na d\u00f6n\u00fc\u015ft\u00fcr\u00fclmelidir.<\/p>\n\n\n\n<p class=\"wp-block-paragraph\">Ankara&#8217;n\u0131n hedefi:&nbsp;<strong>T\u00fcrk D\u00fcnyas\u0131 Stratejik A\u011f\u0131<\/strong>&nbsp;olabilir.<\/p>\n\n\n\n<p class=\"wp-block-paragraph\">Bunun temel ara\u00e7lar\u0131:<\/p>\n\n\n\n<ul class=\"wp-block-list\">\n<li>Ortak ula\u015f\u0131m koridorlar\u0131,<\/li>\n\n\n\n<li>Enerji hatlar\u0131,<\/li>\n\n\n\n<li>Savunma sanayii i\u015f birli\u011fi,<\/li>\n\n\n\n<li>\u00dcniversite a\u011f\u0131,<\/li>\n\n\n\n<li>Ortak teknoloji fonlar\u0131,<\/li>\n\n\n\n<li>K\u00fclt\u00fcrel de\u011fi\u015fim,<\/li>\n\n\n\n<li>Ortak medya ve ileti\u015fim platformlar\u0131,<\/li>\n\n\n\n<li>Ticaret kolayla\u015ft\u0131rma.<\/li>\n<\/ul>\n\n\n\n<p class=\"wp-block-paragraph\"><strong>Nihai d\u00fc\u015f\u00fcnce:&nbsp;<\/strong><strong>Turan \u00f6nce s\u0131n\u0131r de\u011fil, ba\u011flant\u0131d\u0131r.<\/strong><\/p>\n\n\n\n<p class=\"wp-block-paragraph\"><strong>TEZ 10 \u2014 Teknolojik egemenlik mill\u00ee egemenli\u011fin yeni boyutudur<\/strong><\/p>\n\n\n\n<p class=\"wp-block-paragraph\">21. Y\u00fczy\u0131lda ba\u011f\u0131ms\u0131zl\u0131\u011f\u0131n \u00f6l\u00e7\u00fcs\u00fc yaln\u0131zca toprak b\u00fct\u00fcnl\u00fc\u011f\u00fc de\u011fildir.<\/p>\n\n\n\n<p class=\"wp-block-paragraph\">Bir \u00fclke:&nbsp;<strong>verisini, enerjisini, teknolojisini ve ileti\u015fim altyap\u0131s\u0131n\u0131 kontrol edemiyorsa<\/strong><\/p>\n\n\n\n<p class=\"wp-block-paragraph\">Stratejik ba\u011f\u0131ms\u0131zl\u0131\u011f\u0131 eksiktir.<\/p>\n\n\n\n<p class=\"wp-block-paragraph\">Bu nedenle:<\/p>\n\n\n\n<ul class=\"wp-block-list\">\n<li>Yapay zek\u00e2,<\/li>\n\n\n\n<li>Yar\u0131 iletkenler,<\/li>\n\n\n\n<li>Siber g\u00fcvenlik,<\/li>\n\n\n\n<li>Uzay teknolojileri,<\/li>\n\n\n\n<li>Biyoteknoloji,<\/li>\n\n\n\n<li>Savunma sanayii,<\/li>\n\n\n\n<li>Enerji teknolojileri mill\u00ee g\u00fcvenlik alan\u0131d\u0131r.<\/li>\n<\/ul>\n\n\n\n<p class=\"wp-block-paragraph\"><strong>Yeni ilke:&nbsp;<\/strong><strong>Toprak egemenli\u011fi + ekonomik egemenlik + teknolojik egemenlik + veri egemenli\u011fi = 21. y\u00fczy\u0131l mill\u00ee egemenli\u011fi<\/strong><strong><\/strong><\/p>\n\n\n\n<p class=\"wp-block-paragraph\"><strong>III. DOKTR\u0130N\u0130N D\u00d6RT ANA DE\u011eER\u0130<\/strong><\/p>\n\n\n\n<p class=\"wp-block-paragraph\">Daha \u00f6nce olu\u015fturdu\u011fumuz millet merkezli siyasi \u00e7er\u00e7evedeki d\u00f6rt temel de\u011fer burada \u00f6\u011fretinin siyasi slogan\u0131na d\u00f6n\u00fc\u015febilir:<\/p>\n\n\n\n<p class=\"wp-block-paragraph\"><strong>G\u00dcVEN&nbsp;<\/strong>Devlet g\u00fcvenilir olacak.<strong><\/strong><\/p>\n\n\n\n<p class=\"wp-block-paragraph\"><strong>ADALET&nbsp;<\/strong>Hukuk herkese e\u015fit uygulanacak.<strong><\/strong><\/p>\n\n\n\n<p class=\"wp-block-paragraph\"><strong>REFAH&nbsp;<\/strong>\u00dcretim ve sosyal adalet birlikte ilerleyecek.<strong><\/strong><\/p>\n\n\n\n<p class=\"wp-block-paragraph\"><strong>\u00d6ZG\u00dcRL\u00dcK&nbsp;<\/strong>Vatanda\u015f devlet kar\u015f\u0131s\u0131nda korunacak.<strong><\/strong><\/p>\n\n\n\n<p class=\"wp-block-paragraph\">B\u00f6ylece:&nbsp;<strong>G\u00fcven + Adalet + Refah + \u00d6zg\u00fcrl\u00fck<\/strong>&nbsp;T\u00fcrk D\u00f6rd\u00fcnc\u00fc Siyasi Teorisi&#8217;nin g\u00fcnl\u00fck siyasetteki d\u00f6rt temel \u00f6l\u00e7\u00fct\u00fc olur.<\/p>\n\n\n\n<p class=\"wp-block-paragraph\"><strong>IV. DEVLET MODEL\u0130<\/strong><\/p>\n\n\n\n<p class=\"wp-block-paragraph\">T\u00fcrk D\u00f6rd\u00fcnc\u00fc Siyasi Teorisi&#8217;nin devleti:<\/p>\n\n\n\n<p class=\"wp-block-paragraph\"><strong>&#8220;Stratejik Cumhuriyet&#8221;&nbsp;<\/strong>olarak tan\u0131mlanabilir.<strong><\/strong><\/p>\n\n\n\n<p class=\"wp-block-paragraph\">Devletin \u00fc\u00e7 katman\u0131:<\/p>\n\n\n\n<p class=\"wp-block-paragraph\"><strong>1. Demokratik katman<\/strong><\/p>\n\n\n\n<ul class=\"wp-block-list\">\n<li>TBMM<\/li>\n\n\n\n<li>Siyasi partiler<\/li>\n\n\n\n<li>Se\u00e7im<\/li>\n\n\n\n<li>Yerel y\u00f6netimler<\/li>\n\n\n\n<li>Ba\u011f\u0131ms\u0131z yarg\u0131<\/li>\n\n\n\n<li>\u00d6zg\u00fcr medya<\/li>\n<\/ul>\n\n\n\n<p class=\"wp-block-paragraph\"><strong>2. Stratejik katman<\/strong><\/p>\n\n\n\n<ul class=\"wp-block-list\">\n<li>Mill\u00ee G\u00fcvenlik<\/li>\n\n\n\n<li>Enerji<\/li>\n\n\n\n<li>Savunma<\/li>\n\n\n\n<li>Teknoloji<\/li>\n\n\n\n<li>Demografi<\/li>\n\n\n\n<li>D\u0131\u015f politika<\/li>\n\n\n\n<li>Ekonomik g\u00fcvenlik<\/li>\n<\/ul>\n\n\n\n<p class=\"wp-block-paragraph\"><strong>3. Toplumsal katman<\/strong><\/p>\n\n\n\n<ul class=\"wp-block-list\">\n<li>Aile<\/li>\n\n\n\n<li>E\u011fitim<\/li>\n\n\n\n<li>Meslek kurulu\u015flar\u0131<\/li>\n\n\n\n<li>Kooperatifler<\/li>\n\n\n\n<li>Vak\u0131flar<\/li>\n\n\n\n<li>Sivil toplum Devlet bu \u00fc\u00e7 alan aras\u0131nda koordinasyon sa\u011flar.<\/li>\n<\/ul>\n\n\n\n<p class=\"wp-block-paragraph\"><strong>V. EKONOM\u0130 MODEL\u0130<\/strong><\/p>\n\n\n\n<p class=\"wp-block-paragraph\"><strong>&#8220;\u00dcretken Mill\u00ee Ekonomi&#8221;<\/strong><\/p>\n\n\n\n<p class=\"wp-block-paragraph\">Be\u015f hedef:<\/p>\n\n\n\n<p class=\"wp-block-paragraph\"><strong>1. \u00dcret<\/strong><\/p>\n\n\n\n<p class=\"wp-block-paragraph\"><strong>2. \u0130hra\u00e7 et<\/strong><\/p>\n\n\n\n<p class=\"wp-block-paragraph\"><strong>3. Teknoloji geli\u015ftir<\/strong><\/p>\n\n\n\n<p class=\"wp-block-paragraph\"><strong>4. Enerjide ba\u011f\u0131ms\u0131zla\u015f<\/strong><\/p>\n\n\n\n<p class=\"wp-block-paragraph\"><strong>5. \u0130nsan sermayesine yat\u0131r\u0131m yap<\/strong><\/p>\n\n\n\n<p class=\"wp-block-paragraph\">Ekonominin ba\u015far\u0131 \u00f6l\u00e7\u00fcs\u00fc yaln\u0131zca:&nbsp;<strong>GSYH<\/strong>&nbsp;olmamal\u0131d\u0131r.<\/p>\n\n\n\n<p class=\"wp-block-paragraph\">Yeni \u00f6l\u00e7\u00fcm sistemi:&nbsp;<strong>GSYH + ki\u015fi ba\u015f\u0131na gelir + verimlilik + teknoloji kapasitesi + sosyal hareketlilik + demografik s\u00fcrd\u00fcr\u00fclebilirlik<\/strong>&nbsp;olmal\u0131d\u0131r.<\/p>\n\n\n\n<p class=\"wp-block-paragraph\"><strong>VI. DEMOGRAF\u0130 POL\u0130T\u0130KASI<\/strong><\/p>\n\n\n\n<p class=\"wp-block-paragraph\">Millet merkezli siyasetin uzun vadeli aya\u011f\u0131:<\/p>\n\n\n\n<p class=\"wp-block-paragraph\"><strong>Mill\u00ee Demografi Politikas\u0131<\/strong><\/p>\n\n\n\n<p class=\"wp-block-paragraph\">Temel hedef:&nbsp;<strong>Nitelikli, gen\u00e7, e\u011fitimli ve \u00fcretken n\u00fcfus.<\/strong><\/p>\n\n\n\n<p class=\"wp-block-paragraph\">Ara\u00e7lar:<\/p>\n\n\n\n<ul class=\"wp-block-list\">\n<li>Aile destek sistemi,<\/li>\n\n\n\n<li>Gen\u00e7lerin konut eri\u015fimi,<\/li>\n\n\n\n<li>\u00c7ocuk bak\u0131m deste\u011fi,<\/li>\n\n\n\n<li>E\u011fitim reformu,<\/li>\n\n\n\n<li>B\u00f6lgesel n\u00fcfus dengesi,<\/li>\n\n\n\n<li>Nitelikli g\u00f6\u00e7 y\u00f6netimi,<\/li>\n\n\n\n<li>Diaspora politikas\u0131,<\/li>\n\n\n\n<li>Kad\u0131nlar\u0131n e\u011fitim ve istihdam\u0131n\u0131n desteklenmesi.<\/li>\n<\/ul>\n\n\n\n<p class=\"wp-block-paragraph\">Ama\u00e7 n\u00fcfusu yaln\u0131zca art\u0131rmak de\u011fil:&nbsp;<strong>insan sermayesinin niteli\u011fini y\u00fckseltmektir.<\/strong><\/p>\n\n\n\n<p class=\"wp-block-paragraph\"><strong>VII. E\u011e\u0130T\u0130M DOKTR\u0130N\u0130<\/strong><\/p>\n\n\n\n<p class=\"wp-block-paragraph\">Yeni e\u011fitim sistemi \u00fc\u00e7 temel insan yeti\u015ftirmelidir:<\/p>\n\n\n\n<p class=\"wp-block-paragraph\"><strong>1. Mill\u00ee insan&nbsp;<\/strong>Tarihini ve k\u00fclt\u00fcr\u00fcn\u00fc bilen.<strong><\/strong><\/p>\n\n\n\n<p class=\"wp-block-paragraph\"><strong>2. \u00d6zg\u00fcr insan&nbsp;<\/strong>Ele\u015ftirebilen ve sorgulayabilen.<strong><\/strong><\/p>\n\n\n\n<p class=\"wp-block-paragraph\"><strong>3. \u00dcretken insan&nbsp;<\/strong>Bilim ve teknoloji \u00fcretebilen.<strong><\/strong><\/p>\n\n\n\n<p class=\"wp-block-paragraph\">Form\u00fcl:&nbsp;<strong>Kimlik + \u00f6zg\u00fcr d\u00fc\u015f\u00fcnce + bilim + \u00fcretim<\/strong><\/p>\n\n\n\n<p class=\"wp-block-paragraph\"><strong>VIII. DI\u015e POL\u0130T\u0130KA DOKTR\u0130N\u0130<\/strong><\/p>\n\n\n\n<p class=\"wp-block-paragraph\"><strong>&#8220;Merkez \u00dclke Doktrini&#8221;<\/strong><\/p>\n\n\n\n<p class=\"wp-block-paragraph\">T\u00fcrkiye kendisini:&nbsp;<strong>k\u00f6pr\u00fc \u00fclke<\/strong>&nbsp;olarak de\u011fil,&nbsp;<strong>merkez \u00fclke<\/strong>&nbsp;olarak g\u00f6rmelidir. Jeopolitik \u00e7evre:<\/p>\n\n\n\n<p class=\"wp-block-paragraph\"><strong>Balkanlar \u2192 Karadeniz \u2192 Kafkasya \u2192 Orta Asya \u2192 Orta Do\u011fu \u2192 Do\u011fu Akdeniz \u2192 Kuzey Afrika<\/strong>&nbsp;T\u00fcrkiye&#8217;nin do\u011fal stratejik \u00e7evresidir.<\/p>\n\n\n\n<p class=\"wp-block-paragraph\">D\u0131\u015f politika ilkeleri:<\/p>\n\n\n\n<ol start=\"1\" class=\"wp-block-list\">\n<li>Mill\u00ee \u00e7\u0131kar<\/li>\n\n\n\n<li>Stratejik \u00f6zerklik<\/li>\n\n\n\n<li>\u00c7ok tarafl\u0131l\u0131k<\/li>\n\n\n\n<li>T\u00fcrk d\u00fcnyas\u0131<\/li>\n\n\n\n<li>Avrupa ile rasyonel ili\u015fki<\/li>\n\n\n\n<li>ABD ile dengeli ittifak<\/li>\n\n\n\n<li>Rusya ile kontroll\u00fc rekabet ve i\u015f birli\u011fi<\/li>\n\n\n\n<li>\u0130slam d\u00fcnyas\u0131yla stratejik ortakl\u0131k<\/li>\n\n\n\n<li>\u00c7in ile ekonomik fakat ba\u011f\u0131ml\u0131l\u0131k yaratmayan ili\u015fki<\/li>\n\n\n\n<li>B\u00f6lgesel g\u00fc\u00e7 dengesi<\/li>\n<\/ol>\n\n\n\n<p class=\"wp-block-paragraph\"><strong>IX. D\u0130N VE DEVLET<\/strong><\/p>\n\n\n\n<p class=\"wp-block-paragraph\">T\u00fcrk D\u00f6rd\u00fcnc\u00fc Siyasi Teorisi:&nbsp;<strong>teokratik de\u011fildir.<\/strong>&nbsp;Fakat:&nbsp;<strong>dinin toplumsal ve ahlaki etkisini yok sayan kat\u0131 sek\u00fclerizm<\/strong>de de\u011fildir.<\/p>\n\n\n\n<p class=\"wp-block-paragraph\"><strong>Demokratik laiklik + din \u00f6zg\u00fcrl\u00fc\u011f\u00fc + devlet tarafs\u0131zl\u0131\u011f\u0131<\/strong><\/p>\n\n\n\n<p class=\"wp-block-paragraph\">Devlet:<\/p>\n\n\n\n<ul class=\"wp-block-list\">\n<li>Hi\u00e7bir mezhebin devleti de\u011fildir,<\/li>\n\n\n\n<li>Hi\u00e7bir inan\u00e7 grubuna d\u00fc\u015fman de\u011fildir,<\/li>\n\n\n\n<li>Vatanda\u015f\u0131n inanc\u0131n\u0131 veya inan\u00e7s\u0131zl\u0131\u011f\u0131n\u0131 g\u00fcvence alt\u0131na al\u0131r.<\/li>\n<\/ul>\n\n\n\n<p class=\"wp-block-paragraph\">B\u00f6ylece:&nbsp;<strong>dindar vatanda\u015f + sek\u00fcler vatanda\u015f + farkl\u0131 mezhepler + inan\u00e7s\u0131z vatanda\u015f<\/strong>&nbsp;ayn\u0131 mill\u00ee siyasi toplulu\u011fun e\u015fit \u00fcyeleridir.<\/p>\n\n\n\n<p class=\"wp-block-paragraph\"><strong>X. M\u0130LL\u0130YET\u00c7\u0130L\u0130\u011e\u0130N YEN\u0130 TANIMI<\/strong><\/p>\n\n\n\n<p class=\"wp-block-paragraph\">Klasik: &#8220;Biz T\u00fcrk\u00fcz.&#8221;<\/p>\n\n\n\n<p class=\"wp-block-paragraph\">Yeni:&nbsp;<strong>&#8220;Biz T\u00fcrk milletiyiz ve birlikte bir gelecek kuruyoruz.&#8221;<\/strong><\/p>\n\n\n\n<p class=\"wp-block-paragraph\">Bu nedenle milliyet\u00e7ilik:&nbsp;<strong>soy milliyet\u00e7ili\u011fi<\/strong>&nbsp;yerine&nbsp;<strong>Vatanda\u015fl\u0131k + k\u00fclt\u00fcr + tarih + ortak gelecek<\/strong>&nbsp;\u00fczerinden kurulmal\u0131d\u0131r. Bu anlay\u0131\u015f ayn\u0131 zamanda \u00e7ok kimlikli se\u00e7meni d\u0131\u015flamaz.<\/p>\n\n\n\n<p class=\"wp-block-paragraph\">Bir insan:&nbsp;<strong>T\u00fcrk + K\u00fcrt + Alevi + S\u00fcnni + sek\u00fcler + dindar + \u015fehirli + muhafazak\u00e2r<\/strong>&nbsp;gibi birden fazla kimli\u011fi ayn\u0131 anda ta\u015f\u0131yabilir. Devletin g\u00f6revi bu kimlikleri birbirine rakip hale getirmek de\u011fil:&nbsp;<strong>\u00fcst vatanda\u015fl\u0131k \u00e7at\u0131s\u0131 alt\u0131nda birlikte ya\u015fatmak<\/strong>&nbsp;olmal\u0131d\u0131r.<\/p>\n\n\n\n<p class=\"wp-block-paragraph\"><strong>XI. S\u0130YAS\u0130 S\u0130STEM\u0130N FELSEFES\u0130<\/strong><\/p>\n\n\n\n<p class=\"wp-block-paragraph\">T\u00fcrk D\u00f6rd\u00fcnc\u00fc Siyasi Teorisi:&nbsp;<strong>\u00e7o\u011funlu\u011fun s\u0131n\u0131rs\u0131z iktidar\u0131<\/strong>&nbsp;de\u011fildir.<\/p>\n\n\n\n<p class=\"wp-block-paragraph\"><strong>Az\u0131nl\u0131\u011f\u0131n \u00e7o\u011funlu\u011fu reddetmesi<\/strong>&nbsp;de de\u011fildir.<\/p>\n\n\n\n<p class=\"wp-block-paragraph\">Form\u00fcl:&nbsp;<strong>Mill\u00ee egemenlik + anayasal haklar + kuvvetler ayr\u0131l\u0131\u011f\u0131 + \u00e7o\u011fulculuk<\/strong>&nbsp;olmal\u0131d\u0131r.<\/p>\n\n\n\n<p class=\"wp-block-paragraph\"><strong>XII. AH\u0130L\u0130K VE Y\u00d6NET\u0130\u015e\u0130M<\/strong><\/p>\n\n\n\n<p class=\"wp-block-paragraph\">T\u00fcrk siyasi gelene\u011finin modernle\u015ftirilebilecek unsurlar\u0131ndan biri Ahiliktir.<\/p>\n\n\n\n<p class=\"wp-block-paragraph\">Modern kar\u015f\u0131l\u0131klar\u0131:<\/p>\n\n\n\n<p class=\"wp-block-paragraph\"><strong>Ahi \u2192 meslek ahlak\u0131<\/strong><\/p>\n\n\n\n<p class=\"wp-block-paragraph\"><strong>Keth\u00fcda \u2192 sekt\u00f6r temsilcili\u011fi<\/strong><\/p>\n\n\n\n<p class=\"wp-block-paragraph\"><strong>Lonca \u2192 meslek ve \u00fcretim ekosistemi<\/strong><\/p>\n\n\n\n<p class=\"wp-block-paragraph\"><strong>\u0130mece \u2192 kooperatif<\/strong><\/p>\n\n\n\n<p class=\"wp-block-paragraph\"><strong>Ahilik e\u011fitimi \u2192 mesleki e\u011fitim<\/strong><\/p>\n\n\n\n<p class=\"wp-block-paragraph\"><strong>Ahi denetimi \u2192 etik ve meslek standard\u0131<\/strong><\/p>\n\n\n\n<p class=\"wp-block-paragraph\">B\u00f6ylece devlet ile piyasa aras\u0131na:<\/p>\n\n\n\n<p class=\"wp-block-paragraph\"><strong>&#8220;Organize toplum&#8221;&nbsp;<\/strong>katman\u0131 yerle\u015ftirilir.<strong><\/strong><\/p>\n\n\n\n<p class=\"wp-block-paragraph\"><strong>XIII. S\u0130YAS\u0130 AHLAK<\/strong><\/p>\n\n\n\n<p class=\"wp-block-paragraph\">Yeni teorinin en \u00f6nemli b\u00f6l\u00fcmlerinden biri budur. Siyaset:&nbsp;<strong>iktidar elde etme sanat\u0131<\/strong>&nbsp;olmaktan \u00e7\u0131kar\u0131l\u0131p:&nbsp;<strong>kamu emanetini y\u00f6netme mesle\u011fi<\/strong>&nbsp;olarak tan\u0131mlanmal\u0131d\u0131r.<\/p>\n\n\n\n<p class=\"wp-block-paragraph\">Be\u015f siyasi ahlak ilkesi:&nbsp;<strong>Emanet<\/strong>&nbsp;\u2013&nbsp;<strong>Liyakat<\/strong>&nbsp;\u2013&nbsp;<strong>\u015eeffafl\u0131k<\/strong>&#8211;&nbsp;<strong>Hesap Verebilirlik<\/strong>&#8211;&nbsp;<strong>\u00d6l\u00e7\u00fcl\u00fcl\u00fck<\/strong><\/p>\n\n\n\n<p class=\"wp-block-paragraph\"><strong>XIV. DUGIN&#8217;DEN TEMEL AYRILMA NOKTALARI<\/strong><\/p>\n\n\n\n<p class=\"wp-block-paragraph\">T\u00fcrk D\u00f6rd\u00fcnc\u00fc Siyasi Teorisi, Dugin&#8217;in teorisiyle ayn\u0131 de\u011fildir.<\/p>\n\n\n\n<figure class=\"wp-block-table\"><table class=\"has-fixed-layout\"><thead><tr><td><strong>Dugin<\/strong><\/td><td><strong>T\u00fcrk yakla\u015f\u0131m\u0131<\/strong><\/td><\/tr><\/thead><tbody><tr><td>Rusya merkezli Avrasya<\/td><td>T\u00fcrkiye merkezli \u00e7ok y\u00f6nl\u00fc jeopolitik<\/td><\/tr><tr><td>Gelenek\u00e7i<\/td><td>Gelenek + modernle\u015fme<\/td><\/tr><tr><td>G\u00fc\u00e7l\u00fc medeniyet devleti<\/td><td>G\u00fc\u00e7l\u00fc ama demokratik Cumhuriyet<\/td><\/tr><tr><td>Liberalizm kar\u015f\u0131tl\u0131\u011f\u0131<\/td><td>Liberalizmin \u00f6zg\u00fcrl\u00fcklerini koruyup a\u015f\u0131r\u0131l\u0131klar\u0131n\u0131 reddetme<\/td><\/tr><tr><td>\u00c7ok kutupluluk<\/td><td>\u00c7ok kutupluluk<\/td><\/tr><tr><td>Rus medeniyet\u00e7ili\u011fi<\/td><td>T\u00fcrk\/Anadolu medeniyet sentezi<\/td><\/tr><tr><td>Dasein<\/td><td>Millet<\/td><\/tr><tr><td>Jeopolitik blok<\/td><td>Esnek stratejik a\u011f<\/td><\/tr><tr><td>Bat\u0131 kar\u015f\u0131tl\u0131\u011f\u0131 e\u011filimi<\/td><td>Bat\u0131 ile rekabet + i\u015f birli\u011fi<\/td><\/tr><tr><td>Rus merkezlilik<\/td><td>T\u00fcrkiye&#8217;nin stratejik \u00f6zerkli\u011fi<\/td><\/tr><\/tbody><\/table><\/figure>\n\n\n\n<p class=\"wp-block-paragraph\">En kritik fark:&nbsp;<strong>Dugin&#8217;de jeopolitik d\u00fc\u015f\u00fcncenin merkezi Rusya&#8217;d\u0131r; T\u00fcrk D\u00f6rd\u00fcnc\u00fc Siyasi Teorisi&#8217;nde merkez T\u00fcrkiye ve T\u00fcrk milletidir.<\/strong><\/p>\n\n\n\n<p class=\"wp-block-paragraph\"><strong>XV. TEOR\u0130N\u0130N S\u0130YAS\u0130 PUSULASI<\/strong><\/p>\n\n\n\n<p class=\"wp-block-paragraph\">B\u00fct\u00fcn doktrini d\u00f6rt eksende \u00f6zetleyebiliriz:<\/p>\n\n\n\n<p class=\"wp-block-paragraph\"><strong>YUKARI&nbsp;<\/strong><strong>Medeniyet<\/strong><strong><\/strong><\/p>\n\n\n\n<p class=\"wp-block-paragraph\"><strong>A\u015eA\u011eI&nbsp;<\/strong><strong>Millet<\/strong><strong><\/strong><\/p>\n\n\n\n<p class=\"wp-block-paragraph\"><strong>SA\u011e&nbsp;<\/strong><strong>\u00d6zg\u00fcrl\u00fck<\/strong><strong><\/strong><\/p>\n\n\n\n<p class=\"wp-block-paragraph\"><strong>SOL&nbsp;<\/strong><strong>Adalet<\/strong><strong><\/strong><\/p>\n\n\n\n<p class=\"wp-block-paragraph\">Bunlar\u0131n merkezinde:&nbsp;<strong>CUMHUR\u0130YET<\/strong><strong>&nbsp;<\/strong>bulunur ve b\u00fct\u00fcn sistemin stratejik y\u00f6n\u00fc:<strong>&nbsp;<\/strong><strong>BA\u011eIMSIZLIK<\/strong><strong>&nbsp;<\/strong>olur.<\/p>\n\n\n\n<p class=\"wp-block-paragraph\"><strong>XVI. 20 TEMEL \u0130LKE<\/strong><\/p>\n\n\n\n<ol start=\"1\" class=\"wp-block-list\">\n<li>Millet siyasetin \u00f6znesidir.<\/li>\n\n\n\n<li>Cumhuriyet mill\u00ee egemenli\u011fin kurumudur.<\/li>\n\n\n\n<li>Devlet milletin stratejik akl\u0131d\u0131r.<\/li>\n\n\n\n<li>Hukuk devletin s\u0131n\u0131r\u0131d\u0131r.<\/li>\n\n\n\n<li>Adalet devletin ahlak\u0131d\u0131r.<\/li>\n\n\n\n<li>Liyakat kamu y\u00f6netiminin temelidir.<\/li>\n\n\n\n<li>\u00d6zg\u00fcr vatanda\u015f g\u00fc\u00e7l\u00fc devletin \u015fart\u0131d\u0131r.<\/li>\n\n\n\n<li>Ekonomi insan\u0131n refah\u0131na hizmet eder.<\/li>\n\n\n\n<li>\u00dcretim ba\u011f\u0131ms\u0131zl\u0131\u011f\u0131n temelidir.<\/li>\n\n\n\n<li>Teknoloji yeni egemenlik alan\u0131d\u0131r.<\/li>\n\n\n\n<li>E\u011fitim mill\u00ee g\u00fcvenlik meselesidir.<\/li>\n\n\n\n<li>Demografi devlet politikas\u0131d\u0131r.<\/li>\n\n\n\n<li>Aile sosyal devletin temel kurumlar\u0131ndan biridir.<\/li>\n\n\n\n<li>Gelenek gelecek i\u00e7in yeniden yorumlanmal\u0131d\u0131r.<\/li>\n\n\n\n<li>Modernle\u015fme taklit\u00e7ilik de\u011fildir.<\/li>\n\n\n\n<li>T\u00fcrk d\u00fcnyas\u0131 stratejik bir a\u011fd\u0131r.<\/li>\n\n\n\n<li>T\u00fcrkiye hi\u00e7bir b\u00fcy\u00fck g\u00fcc\u00fcn uydusu de\u011fildir.<\/li>\n\n\n\n<li>\u00c7ok kutupluluk T\u00fcrkiye&#8217;nin stratejik \u00e7\u0131kar\u0131nad\u0131r.<\/li>\n\n\n\n<li>Din \u00f6zg\u00fcrl\u00fc\u011f\u00fc ve laik devlet birlikte korunmal\u0131d\u0131r.<\/li>\n\n\n\n<li>Siyaset iktidar de\u011fil emanettir.<\/li>\n<\/ol>\n\n\n\n<p class=\"wp-block-paragraph\"><strong>XVII. TEOR\u0130N\u0130N TEK C\u00dcMLEL\u0130K TANIMI<\/strong><\/p>\n\n\n\n<p class=\"wp-block-paragraph\"><strong>T\u00fcrk D\u00f6rd\u00fcnc\u00fc Siyasi Teorisi; T\u00fcrk milletini siyasetin \u00f6znesi, Cumhuriyet&#8217;i ortak siyasal zemini, demokratik devleti stratejik akl\u0131, adaleti ahlaki temeli, \u00fcretimi refah\u0131n kayna\u011f\u0131, bilimi gelece\u011fin g\u00fcc\u00fc ve stratejik ba\u011f\u0131ms\u0131zl\u0131\u011f\u0131 mill\u00ee hedefi kabul eden 21. y\u00fczy\u0131l T\u00fcrk siyasi doktrinidir.<\/strong><\/p>\n\n\n\n<p class=\"wp-block-paragraph\"><strong>XVIII. S\u0130YAS\u0130 SLOGANLA\u015eTIRMA<\/strong><\/p>\n\n\n\n<p class=\"wp-block-paragraph\">Teorinin akademik dili:&nbsp;<strong>Millet \u2013 Cumhuriyet \u2013 Adalet \u2013 \u00d6zg\u00fcrl\u00fck \u2013 \u00dcretim \u2013 Medeniyet \u2013 Ba\u011f\u0131ms\u0131zl\u0131k<\/strong><\/p>\n\n\n\n<p class=\"wp-block-paragraph\">Siyasi dili:&nbsp;<strong>G\u00fcven. Adalet. Refah. \u00d6zg\u00fcrl\u00fck.<\/strong><\/p>\n\n\n\n<p class=\"wp-block-paragraph\">Stratejik dili:&nbsp;<strong>Kendi akl\u0131yla d\u00fc\u015f\u00fcnen, kendi g\u00fcc\u00fcyle \u00fcreten, kendi iradesiyle karar veren T\u00fcrkiye.<\/strong><\/p>\n\n\n\n<p class=\"wp-block-paragraph\">Medeniyet dili:&nbsp;<strong>K\u00f6k\u00fc mazide, akl\u0131 bug\u00fcn, hedefi gelecekte.<\/strong><\/p>\n\n\n\n<p class=\"wp-block-paragraph\"><strong>XIX. ANAHTAR PART\u0130 BA\u011eLAMINDA \u00d6NEML\u0130 AYRIM<\/strong><\/p>\n\n\n\n<p class=\"wp-block-paragraph\">Bu teorinin Anahtar Parti ile ili\u015fkilendirilmesi d\u00fc\u015f\u00fcn\u00fcl\u00fcyorsa, \u00f6\u011fretinin do\u011frudan parti program\u0131n\u0131n yerine ge\u00e7irilmemesi daha do\u011fru olur.<\/p>\n\n\n\n<p class=\"wp-block-paragraph\">\u00c7\u00fcnk\u00fc:&nbsp;<strong>T\u00fcrk D\u00f6rd\u00fcnc\u00fc Siyasi Teorisi = \u00fcst siyasi d\u00fc\u015f\u00fcnce<\/strong><\/p>\n\n\n\n<p class=\"wp-block-paragraph\"><strong>Anahtar Parti = bu d\u00fc\u015f\u00fcnceden belirli \u00f6l\u00e7\u00fcde yararlanabilecek somut siyasi akt\u00f6r<\/strong>&nbsp;olarak ayr\u0131\u015ft\u0131r\u0131labilir. B\u00f6ylece parti kendisini:&nbsp;<strong>Duginist<\/strong>&nbsp;veya&nbsp;<strong>yeni bir ideolojik mezhep<\/strong>&nbsp;olarak de\u011fil;&nbsp;<strong>millet merkezli, demokratik, sosyal, \u00fcretimci ve stratejik ba\u011f\u0131ms\u0131zl\u0131k\u00e7\u0131 bir T\u00fcrkiye siyaseti<\/strong>&nbsp;olarak konumland\u0131rabilir.<\/p>\n\n\n\n<p class=\"wp-block-paragraph\">Bu da daha \u00f6nce \u00fczerinde \u00e7al\u0131\u015ft\u0131\u011f\u0131m\u0131z farkl\u0131 se\u00e7men kimliklerini \u2014 gen\u00e7 milliyet\u00e7i, sek\u00fcler milliyet\u00e7i, dindar reformist, kentli muhafazak\u00e2r ve karars\u0131z merkez \u2014 ortak bir&nbsp;<strong>millet merkezli siyasi zeminde<\/strong>&nbsp;bulu\u015fturma fikriyle uyumludur.<\/p>\n\n\n\n<p class=\"wp-block-paragraph\"><strong>XX. SONU\u00c7<\/strong><\/p>\n\n\n\n<p class=\"wp-block-paragraph\">Dugin&#8217;in sorusu:&nbsp;<strong>\u201cLiberal d\u00fcnyan\u0131n kar\u015f\u0131s\u0131na Rusya merkezli hangi yeni d\u00fczen konabilir?\u201d<\/strong>&nbsp;T\u00fcrk D\u00f6rd\u00fcnc\u00fc Siyasi Teorisi&#8217;nin sorusu ise:&nbsp;<strong>\u201c21. y\u00fczy\u0131lda T\u00fcrk milleti, Cumhuriyet&#8217;i ve T\u00fcrkiye&#8217;yi nas\u0131l \u00f6zg\u00fcr, adil, m\u00fcreffeh, g\u00fc\u00e7l\u00fc ve ba\u011f\u0131ms\u0131z bir medeniyet-devlete d\u00f6n\u00fc\u015ft\u00fcrebilir?\u201d<\/strong>&nbsp;Bu iki soru aras\u0131ndaki fark, teorinin karakterini belirler.&nbsp;<strong>Dugin \u2192 Rusya i\u00e7in alternatif medeniyet<\/strong><\/p>\n\n\n\n<p class=\"wp-block-paragraph\"><strong>T\u00fcrk D\u00f6rd\u00fcnc\u00fc Siyasi Teorisi \u2192 T\u00fcrkiye i\u00e7in alternatif gelecek<\/strong><\/p>\n\n\n\n<p class=\"wp-block-paragraph\">Ve nihai denklem:<\/p>\n\n\n\n<p class=\"wp-block-paragraph\"><strong>M\u0130LLET<\/strong><\/p>\n\n\n\n<p class=\"wp-block-paragraph\"><strong>CUMHUR\u0130YET<\/strong><\/p>\n\n\n\n<p class=\"wp-block-paragraph\"><strong>ADALET<\/strong><\/p>\n\n\n\n<p class=\"wp-block-paragraph\"><strong>+<\/strong><\/p>\n\n\n\n<p class=\"wp-block-paragraph\"><strong>\u00d6ZG\u00dcRL\u00dcK<\/strong><\/p>\n\n\n\n<p class=\"wp-block-paragraph\"><strong>+<\/strong><\/p>\n\n\n\n<p class=\"wp-block-paragraph\"><strong>\u00dcRET\u0130M<\/strong><\/p>\n\n\n\n<p class=\"wp-block-paragraph\"><strong>+<\/strong><\/p>\n\n\n\n<p class=\"wp-block-paragraph\"><strong>B\u0130L\u0130M<\/strong><\/p>\n\n\n\n<p class=\"wp-block-paragraph\"><strong>+<\/strong><\/p>\n\n\n\n<p class=\"wp-block-paragraph\"><strong>MEDEN\u0130YET<\/strong><\/p>\n\n\n\n<p class=\"wp-block-paragraph\"><strong>+<\/strong><\/p>\n\n\n\n<p class=\"wp-block-paragraph\"><strong>STRATEJ\u0130K BA\u011eIMSIZLIK<\/strong><\/p>\n\n\n\n<p class=\"wp-block-paragraph\"><strong>=<\/strong><\/p>\n\n\n\n<p class=\"wp-block-paragraph\"><strong>T\u00dcRK D\u00d6RD\u00dcNC\u00dc S\u0130YAS\u0130 TEOR\u0130S\u0130<\/strong><\/p>\n","protected":false},"excerpt":{"rendered":"<p>\u00d6ns\u00f6z 21. Y\u00fczy\u0131l\u0131n d\u00fcnyas\u0131, 20. y\u00fczy\u0131l\u0131n siyasi kal\u0131plar\u0131yla a\u00e7\u0131klanamayacak kadar de\u011fi\u015fmi\u015ftir. Liberalizmin birey merkezli yakla\u015f\u0131m\u0131 toplumsal ba\u011flar\u0131 zay\u0131flat\u0131rken, sosyalizmin s\u0131n\u0131f merkezli modeli tarihsel s\u0131n\u0131rlar\u0131na ula\u015fm\u0131\u015f; etnik milliyet\u00e7ilikler ortak vatanda\u015fl\u0131k fikrini a\u015f\u0131nd\u0131rm\u0131\u015f, k\u00fcresel ekonomik sistem ise devletlerin stratejik ba\u011f\u0131ms\u0131zl\u0131\u011f\u0131n\u0131 s\u0131n\u0131rland\u0131rm\u0131\u015ft\u0131r. T\u00fcrkiye&#8217;nin ihtiyac\u0131, bu ideolojilerden birini b\u00fct\u00fcn\u00fcyle kopyalamak de\u011fil; kendi tarih\u00ee tecr\u00fcbesinden, Cumhuriyet birikiminden, T\u00fcrk devlet gelene\u011finden,<a href=\"https:\/\/cihankama.com\/?p=174\"> &#8230;read more.<\/a><\/p>\n","protected":false},"author":1,"featured_media":0,"comment_status":"open","ping_status":"open","sticky":false,"template":"","format":"standard","meta":{"footnotes":""},"categories":[13,11],"tags":[],"class_list":["post-174","post","type-post","status-publish","format-standard","hentry","category-siyaset","category-tarih"],"_links":{"self":[{"href":"https:\/\/cihankama.com\/index.php?rest_route=\/wp\/v2\/posts\/174","targetHints":{"allow":["GET"]}}],"collection":[{"href":"https:\/\/cihankama.com\/index.php?rest_route=\/wp\/v2\/posts"}],"about":[{"href":"https:\/\/cihankama.com\/index.php?rest_route=\/wp\/v2\/types\/post"}],"author":[{"embeddable":true,"href":"https:\/\/cihankama.com\/index.php?rest_route=\/wp\/v2\/users\/1"}],"replies":[{"embeddable":true,"href":"https:\/\/cihankama.com\/index.php?rest_route=%2Fwp%2Fv2%2Fcomments&post=174"}],"version-history":[{"count":2,"href":"https:\/\/cihankama.com\/index.php?rest_route=\/wp\/v2\/posts\/174\/revisions"}],"predecessor-version":[{"id":176,"href":"https:\/\/cihankama.com\/index.php?rest_route=\/wp\/v2\/posts\/174\/revisions\/176"}],"wp:attachment":[{"href":"https:\/\/cihankama.com\/index.php?rest_route=%2Fwp%2Fv2%2Fmedia&parent=174"}],"wp:term":[{"taxonomy":"category","embeddable":true,"href":"https:\/\/cihankama.com\/index.php?rest_route=%2Fwp%2Fv2%2Fcategories&post=174"},{"taxonomy":"post_tag","embeddable":true,"href":"https:\/\/cihankama.com\/index.php?rest_route=%2Fwp%2Fv2%2Ftags&post=174"}],"curies":[{"name":"wp","href":"https:\/\/api.w.org\/{rel}","templated":true}]}}