{"id":161,"date":"2026-06-25T12:51:25","date_gmt":"2026-06-25T09:51:25","guid":{"rendered":"https:\/\/cihankama.com\/?p=161"},"modified":"2026-06-25T12:51:25","modified_gmt":"2026-06-25T09:51:25","slug":"mah-i-matem-muharrem","status":"publish","type":"post","link":"https:\/\/cihankama.com\/?p=161","title":{"rendered":"\u201cMah-\u0131 Matem Muharrem\u201d"},"content":{"rendered":"\n<p class=\"wp-block-paragraph\">\u201c<strong>Mah-\u0131 Matem Muharrem<\/strong>\u201d ifadesi, kelime olarak&nbsp;<strong>\u201cMatem Ay\u0131 Muharrem\u201d<\/strong>&nbsp;anlam\u0131na gelir ve \u0130slam tarihinde \u00f6zellikle&nbsp;<strong>A\u015fure G\u00fcn\u00fc ve Kerbel\u00e2 olay\u0131<\/strong>&nbsp;nedeniyle yas ve anma ay\u0131 olarak kabul edilen Muharrem ay\u0131n\u0131 ifade eder.<\/p>\n\n\n\n<p class=\"wp-block-paragraph\"><strong>Muharrem Ay\u0131 Nedir?<\/strong><\/p>\n\n\n\n<p class=\"wp-block-paragraph\">Muharrem, Hicr\u00ee takvimin&nbsp;<strong>ilk ay\u0131d\u0131r<\/strong>&nbsp;ve d\u00f6rt haram aydan biridir. \u0130slam\u2019da bu ayda sava\u015fman\u0131n ve kan d\u00f6kmenin yasak oldu\u011fu bir geleneksel anlay\u0131\u015f vard\u0131r.<\/p>\n\n\n\n<p class=\"wp-block-paragraph\"><strong>\u201cMatem\u201d Neden Denir?<\/strong><\/p>\n\n\n\n<p class=\"wp-block-paragraph\">\u201cMatem\u201d ifadesi, \u00f6zellikle&nbsp;<strong>\u015ei\u00ee Cafer\u00ee gelene\u011finde<\/strong>&nbsp;ve Alevi-Bekta\u015fi k\u00fclt\u00fcr\u00fcnde, Muharrem ay\u0131n\u0131n ilk 10 g\u00fcn\u00fc i\u00e7in tutulan&nbsp;<strong>yas ve anma d\u00f6nemini<\/strong>&nbsp;anlat\u0131r.<\/p>\n\n\n\n<p class=\"wp-block-paragraph\"><strong>Kerbel\u00e2 ve Hz. H\u00fcseyin<\/strong><\/p>\n\n\n\n<p class=\"wp-block-paragraph\">Kerbel\u00e2\u2019da, Peygamber Muhammed\u2019in torunu:&nbsp;<\/p>\n\n\n\n<p class=\"wp-block-paragraph\">\u0130mam H\u00fcseyin bin Ali ve onun ailesi ile k\u00fc\u00e7\u00fck bir topluluk, Yezid ordusu taraf\u0131ndan ku\u015fat\u0131lm\u0131\u015f ve \u015fehit edilmi\u015ftir. Bu olay: Adalet, Zulme kar\u015f\u0131 direni\u015f, Fedak\u00e2rl\u0131k sembol\u00fc olarak g\u00f6r\u00fcl\u00fcr.<\/p>\n\n\n\n<p class=\"wp-block-paragraph\"><strong>Muharrem Mateminde Ne Yap\u0131l\u0131r?<\/strong><\/p>\n\n\n\n<p class=\"wp-block-paragraph\">Geleneklere g\u00f6re:<\/p>\n\n\n\n<ul class=\"wp-block-list\">\n<li>10 g\u00fcn (baz\u0131 yerlerde 12\u201340 g\u00fcn) matem tutulur<\/li>\n\n\n\n<li>Etkinlik ve e\u011flenceden uzak durulur<\/li>\n\n\n\n<li>A\u011f\u0131tlar (mersiyeler) okunur<\/li>\n\n\n\n<li>Kerbel\u00e2 olay\u0131 anlat\u0131l\u0131r<\/li>\n\n\n\n<li>A\u015fure g\u00fcn\u00fc orucu veya a\u015fure tatl\u0131s\u0131 gelene\u011fi vard\u0131r<\/li>\n\n\n\n<li>Baz\u0131 topluluklarda kendini s\u0131n\u0131rlama ve yas rit\u00fcelleri uygulan\u0131r<\/li>\n<\/ul>\n\n\n\n<p class=\"wp-block-paragraph\"><strong>A\u015fure G\u00fcn\u00fc<\/strong><\/p>\n\n\n\n<p class=\"wp-block-paragraph\">Muharrem ay\u0131n\u0131n 10. G\u00fcn\u00fc, Hz. Nuh\u2019un gemisi, Hz. Musa\u2019n\u0131n kurtulu\u015fu, Kerbel\u00e2 hadisesi gibi farkl\u0131 tarih\u00ee ve dini anlamlar ta\u015f\u0131yan \u00f6zel bir g\u00fcnd\u00fcr.<\/p>\n\n\n\n<p class=\"wp-block-paragraph\"><strong>Muharrem mateminin farkl\u0131 geleneklerde nas\u0131l ya\u015fand\u0131\u011f\u0131n\u0131 \u00f6zetleyelim.<\/strong><\/p>\n\n\n\n<p class=\"wp-block-paragraph\"><strong>1. Kerbel\u00e2 Olay\u0131 \u2013 K\u0131sa Kronoloji<\/strong><\/p>\n\n\n\n<p class=\"wp-block-paragraph\">Olay\u0131n merkezinde&nbsp;\u0130mam H\u00fcseyin bin Ali&nbsp;bulunur.<\/p>\n\n\n\n<ul class=\"wp-block-list\">\n<li><strong>Hicr\u00ee 60 \/ MS 680<\/strong><\/li>\n\n\n\n<li>Kufe halk\u0131, Hz. H\u00fcseyin\u2019i davet eder<\/li>\n\n\n\n<li>Hz. H\u00fcseyin k\u00fc\u00e7\u00fck bir kafileyle yola \u00e7\u0131kar<\/li>\n\n\n\n<li>Kufe\u2019ye ula\u015fmadan\u00a0<strong>Karbela\u2019da Yezid ordusu taraf\u0131ndan ku\u015fat\u0131l\u0131r<\/strong><\/li>\n\n\n\n<li>Su yollar\u0131 kesilir (F\u0131rat Nehri)<\/li>\n\n\n\n<li>G\u00fcnlerce s\u00fcren gerilim ve a\u00e7l\u0131k-susuzluk ya\u015fan\u0131r<\/li>\n\n\n\n<li><strong>10 Muharrem (A\u015fure G\u00fcn\u00fc)<\/strong>\u00a0b\u00fcy\u00fck sava\u015f ger\u00e7ekle\u015fir<\/li>\n\n\n\n<li>Hz. H\u00fcseyin ve ailesinin b\u00fcy\u00fck b\u00f6l\u00fcm\u00fc \u015fehit edilir<\/li>\n<\/ul>\n\n\n\n<p class=\"wp-block-paragraph\"><strong>2. Muharrem Mateminin Anlam\u0131<\/strong><\/p>\n\n\n\n<p class=\"wp-block-paragraph\">\u201cMatem\u201d bu olay\u0131n:&nbsp;<strong>Yas tutulmas\u0131<\/strong>,&nbsp;<strong>adaletsizli\u011fe kar\u015f\u0131 haf\u0131za olarak korunmas\u0131<\/strong>,&nbsp;<strong>manevi bir direni\u015f sembol\u00fc<\/strong>&nbsp;haline gelmesidir<\/p>\n\n\n\n<p class=\"wp-block-paragraph\"><strong>3. Cafer\u00ee (\u015ei\u00ee) Gelenekte Matem<\/strong><\/p>\n\n\n\n<p class=\"wp-block-paragraph\">\u00d6zellikle&nbsp;Caferilik&nbsp;i\u00e7inde:<\/p>\n\n\n\n<ul class=\"wp-block-list\">\n<li>10 g\u00fcn de\u011fil, genelde\u00a0<strong>40 g\u00fcne kadar yas<\/strong><\/li>\n\n\n\n<li><strong>A\u011f\u0131r matem rit\u00fcelleri<\/strong><\/li>\n\n\n\n<li>Mersiye ve a\u011f\u0131tlar (Kerbel\u00e2 anlat\u0131m\u0131)<\/li>\n\n\n\n<li><strong>A\u015fura g\u00fcn\u00fc en yo\u011fun yas<\/strong><\/li>\n\n\n\n<li>Baz\u0131 b\u00f6lgelerde: Zincirle sembolik yas rit\u00fcelleri taziye y\u00fcr\u00fcy\u00fc\u015fleri (Erbain y\u00fcr\u00fcy\u00fc\u015f\u00fc gibi)<\/li>\n<\/ul>\n\n\n\n<p class=\"wp-block-paragraph\"><strong>4. Alevi-Bekta\u015fi Gelene\u011finde Matem<\/strong><\/p>\n\n\n\n<ul class=\"wp-block-list\">\n<li><strong>12 \u0130mam orucu<\/strong>\u00a0tutulur (12 g\u00fcn)<\/li>\n\n\n\n<li>Et yemekleri ve e\u011flence terk edilir<\/li>\n\n\n\n<li>Cem evlerinde: Kerbel\u00e2 anlat\u0131mlar\u0131 ve mersiye ve deyi\u015fler<\/li>\n\n\n\n<li>Matem daha \u00e7ok\u00a0<strong>i\u00e7sel yas ve ibadet odakl\u0131d\u0131r<\/strong><\/li>\n\n\n\n<li>A\u015f\u0131r\u0131 fiziksel rit\u00fceller genelde yoktur<\/li>\n<\/ul>\n\n\n\n<p class=\"wp-block-paragraph\"><strong>5. S\u00fcnni Gelenekte Muharrem<\/strong><\/p>\n\n\n\n<p class=\"wp-block-paragraph\">S\u00fcnni \u0130slam&nbsp;i\u00e7inde:<\/p>\n\n\n\n<ul class=\"wp-block-list\">\n<li>Matem daha s\u0131n\u0131rl\u0131d\u0131r<\/li>\n\n\n\n<li><strong>A\u015fure G\u00fcn\u00fc orucu (10 Muharrem)<\/strong>\u00a0tavsiye edilir<\/li>\n\n\n\n<li>Hz. Nuh ve Hz. Musa ile ilgili rivayetler \u00f6n plandad\u0131r<\/li>\n\n\n\n<li>Kerbel\u00e2 olay\u0131: Tarihsel bir trajedi olarak an\u0131l\u0131r. Ancak yo\u011fun matem rit\u00fcelleri yayg\u0131n de\u011fildir<\/li>\n<\/ul>\n\n\n\n<p class=\"wp-block-paragraph\"><strong>6. Ortak Nokta<\/strong><\/p>\n\n\n\n<p class=\"wp-block-paragraph\">T\u00fcm geleneklerde ortak tema:<\/p>\n\n\n\n<ul class=\"wp-block-list\">\n<li>Hz. H\u00fcseyin\u2019in\u00a0<strong>adalet m\u00fccadelesi<\/strong><\/li>\n\n\n\n<li>Zulme kar\u015f\u0131\u00a0<strong>direni\u015f sembol\u00fc<\/strong><\/li>\n\n\n\n<li>Kerbel\u00e2\u2019n\u0131n\u00a0<strong>tarihi bir k\u0131r\u0131lma noktas\u0131<\/strong>\u00a0olmas\u0131<\/li>\n<\/ul>\n\n\n\n<p class=\"wp-block-paragraph\"><strong>\u0130m\u00e2m H\u00fcseyin&#8217;in Hayat\u0131 ve Kronolojik Takvimi<\/strong><\/p>\n\n\n\n<p class=\"wp-block-paragraph\">\u0130m\u00e2m H\u00fcseyin bin Ali, \u0130slam tarihinde adalet, direni\u015f ve fedak\u00e2rl\u0131\u011f\u0131n sembol\u00fc olarak kabul edilen \u00f6nemli \u015fahsiyetlerden biridir. Babas\u0131&nbsp;Ali bin Ebu Talib, annesi ise&nbsp;Fat\u0131ma bint Muhammed&#8217;d\u0131r. Ayn\u0131 zamanda&nbsp;Hasan bin Ali&#8217;nin karde\u015fidir.<\/p>\n\n\n\n<p class=\"wp-block-paragraph\"><strong>Kronolojik Takvim<\/strong><\/p>\n\n\n\n<p class=\"wp-block-paragraph\"><strong>626 (Hicr\u00ee 4)<\/strong><\/p>\n\n\n\n<ul class=\"wp-block-list\">\n<li>Medine&#8217;de do\u011fdu. Dedesi\u00a0Muhammed\u00a0taraf\u0131ndan b\u00fcy\u00fck sevgi g\u00f6rd\u00fc.<\/li>\n<\/ul>\n\n\n\n<p class=\"wp-block-paragraph\"><strong>632<\/strong><\/p>\n\n\n\n<ul class=\"wp-block-list\">\n<li>Hz. Muhammed&#8217;in vefat\u0131. H\u00fcseyin yakla\u015f\u0131k 6 ya\u015f\u0131ndayd\u0131.<\/li>\n<\/ul>\n\n\n\n<p class=\"wp-block-paragraph\"><strong>632\u2013656<\/strong><\/p>\n\n\n\n<ul class=\"wp-block-list\">\n<li>\u0130lk \u00fc\u00e7 halife d\u00f6nemi: Eb\u00fb Bekir, \u00d6mer bin Hattab, Osman bin Affan<\/li>\n<\/ul>\n\n\n\n<p class=\"wp-block-paragraph\"><strong>656<\/strong><\/p>\n\n\n\n<ul class=\"wp-block-list\">\n<li>Babas\u0131 Ali halife oldu. \u0130m\u00e2m H\u00fcseyin, babas\u0131n\u0131n yan\u0131nda siyas\u00ee ve asker\u00ee faaliyetlerde bulundu.<\/li>\n<\/ul>\n\n\n\n<p class=\"wp-block-paragraph\"><strong>656 \u2013&nbsp;Cemel Vakas\u0131<\/strong><\/p>\n\n\n\n<ul class=\"wp-block-list\">\n<li>Babas\u0131n\u0131n ordusunda yer ald\u0131.<\/li>\n<\/ul>\n\n\n\n<p class=\"wp-block-paragraph\"><strong>657 \u2013&nbsp;S\u0131ffin Sava\u015f\u0131<\/strong><\/p>\n\n\n\n<ul class=\"wp-block-list\">\n<li>Ali&#8217;nin ordusunda bulundu.<\/li>\n<\/ul>\n\n\n\n<p class=\"wp-block-paragraph\"><strong>661<\/strong><\/p>\n\n\n\n<ul class=\"wp-block-list\">\n<li>Babas\u0131 Ali suikast sonucu \u00f6ld\u00fcr\u00fcld\u00fc. A\u011fabeyi Hasan halife oldu.<\/li>\n<\/ul>\n\n\n\n<p class=\"wp-block-paragraph\"><strong>661\u2013669<\/strong><\/p>\n\n\n\n<ul class=\"wp-block-list\">\n<li>Hasan ile Medine&#8217;de ya\u015fad\u0131. Emev\u00ee h\u00fck\u00fcmdar\u0131\u00a0Muaviye bin Ebu S\u00fcfyan\u00a0d\u00f6neminde siyas\u00ee \u00e7at\u0131\u015fmalardan uzak kald\u0131.<\/li>\n<\/ul>\n\n\n\n<p class=\"wp-block-paragraph\"><strong>669<\/strong><\/p>\n\n\n\n<ul class=\"wp-block-list\">\n<li>Hasan&#8217;\u0131n vefat\u0131. Ehl-i Beyt&#8217;in liderli\u011fi b\u00fcy\u00fck \u00f6l\u00e7\u00fcde H\u00fcseyin&#8217;e ge\u00e7ti.<\/li>\n<\/ul>\n\n\n\n<p class=\"wp-block-paragraph\"><strong>680<\/strong><\/p>\n\n\n\n<ul class=\"wp-block-list\">\n<li>Muaviye \u00f6ld\u00fc. O\u011flu\u00a0Yezid bin Muaviye\u00a0halife ilan edildi. H\u00fcseyin, Yezid&#8217;e biat etmeyi reddetti.<\/li>\n<\/ul>\n\n\n\n<p class=\"wp-block-paragraph\"><strong>Recep 680<\/strong><\/p>\n\n\n\n<ul class=\"wp-block-list\">\n<li>Medine&#8217;den Mekke&#8217;ye ge\u00e7ti.<\/li>\n<\/ul>\n\n\n\n<p class=\"wp-block-paragraph\"><strong>Ramazan\u2013Zilkade 680<\/strong><\/p>\n\n\n\n<ul class=\"wp-block-list\">\n<li>Kufe\u00a0halk\u0131ndan binlerce davet mektubu ald\u0131. Temsilcisi\u00a0M\u00fcslim bin Akil\u00a0Kufe&#8217;ye g\u00f6nderildi.<\/li>\n<\/ul>\n\n\n\n<p class=\"wp-block-paragraph\"><strong>Eyl\u00fcl 680<\/strong><\/p>\n\n\n\n<ul class=\"wp-block-list\">\n<li>M\u00fcslim bin Akil Kufe&#8217;de \u00f6ld\u00fcr\u00fcld\u00fc. H\u00fcseyin yoldayken bu haberi ald\u0131.<\/li>\n<\/ul>\n\n\n\n<p class=\"wp-block-paragraph\"><strong>Ekim 680<\/strong><\/p>\n\n\n\n<ul class=\"wp-block-list\">\n<li>Ailesi ve az say\u0131daki taraftar\u0131yla Kerbel\u00e2&#8217;ya ula\u015ft\u0131.<\/li>\n<\/ul>\n\n\n\n<p class=\"wp-block-paragraph\"><strong>10 Muharrem 61 Hicr\u00ee (10 Ekim 680)<\/strong><\/p>\n\n\n\n<p class=\"wp-block-paragraph\"><strong>Kerbel\u00e2 Vakas\u0131<\/strong><\/p>\n\n\n\n<ul class=\"wp-block-list\">\n<li>H\u00fcseyin&#8217;in kafilesi Emev\u00ee kuvvetleri taraf\u0131ndan ku\u015fat\u0131ld\u0131.<\/li>\n\n\n\n<li>Suya eri\u015fimleri engellendi.<\/li>\n\n\n\n<li>H\u00fcseyin&#8217;in yakla\u015f\u0131k 70-72 ki\u015filik grubu b\u00fcy\u00fck bir orduya kar\u015f\u0131 direndi.<\/li>\n\n\n\n<li>O\u011fullar\u0131, karde\u015fleri ve yak\u0131nlar\u0131 \u015fehit edildi.<\/li>\n\n\n\n<li>H\u00fcseyin de sava\u015farak hayat\u0131n\u0131 kaybetti.<\/li>\n\n\n\n<li>Ba\u015f\u0131n\u0131n kesilip Kufe ve ard\u0131ndan \u015eam&#8217;a g\u00f6t\u00fcr\u00fcld\u00fc\u011f\u00fc rivayet edilir.<\/li>\n<\/ul>\n\n\n\n<p class=\"wp-block-paragraph\"><strong>Kerbel\u00e2 Sonras\u0131<\/strong><\/p>\n\n\n\n<p class=\"wp-block-paragraph\"><strong>680\u2013683<\/strong><\/p>\n\n\n\n<ul class=\"wp-block-list\">\n<li>Kad\u0131nlar ve \u00e7ocuklar esir olarak Kufe ve \u015eam&#8217;a g\u00f6t\u00fcr\u00fcld\u00fc.<\/li>\n\n\n\n<li>K\u0131z karde\u015fi\u00a0Zeyneb bint Ali\u00a0\u00f6nemli konu\u015fmalar yaparak olay\u0131n unutulmamas\u0131n\u0131 sa\u011flad\u0131.<\/li>\n<\/ul>\n\n\n\n<p class=\"wp-block-paragraph\"><strong>Tarih\u00ee Etkileri<\/strong><\/p>\n\n\n\n<ul class=\"wp-block-list\">\n<li>\u015ei\u00ee \u0130slam&#8217;\u0131n kimli\u011finin \u015fekillenmesinde temel rol oynad\u0131.<\/li>\n\n\n\n<li>S\u00fcnn\u00ee kaynaklarda da b\u00fcy\u00fck bir trajedi olarak kabul edildi.<\/li>\n\n\n\n<li>Adalet kar\u015f\u0131s\u0131nda zulme boyun e\u011fmemenin sembol\u00fc haline geldi.<\/li>\n\n\n\n<li>Her y\u0131l Muharrem ay\u0131nda milyonlarca ki\u015fi taraf\u0131ndan an\u0131l\u0131r.<\/li>\n<\/ul>\n\n\n\n<p class=\"wp-block-paragraph\"><strong>K\u0131sa \u00d6zet<\/strong><\/p>\n\n\n\n<p class=\"wp-block-paragraph\">\u0130m\u00e2m H\u00fcseyin&#8217;in 54 y\u0131ll\u0131k hayat\u0131 \u00fc\u00e7 d\u00f6neme ayr\u0131labilir:<\/p>\n\n\n\n<ol start=\"1\" class=\"wp-block-list\">\n<li><strong>Hz. Muhammed d\u00f6nemi (626\u2013632)<\/strong><\/li>\n\n\n\n<li><strong>Babas\u0131 Ali ve a\u011fabeyi Hasan d\u00f6nemi (632\u2013669)<\/strong><\/li>\n\n\n\n<li><strong>Yezid&#8217;e kar\u015f\u0131 direni\u015f ve Kerbel\u00e2 s\u00fcreci (669\u2013680)<\/strong><\/li>\n<\/ol>\n\n\n\n<p class=\"wp-block-paragraph\">\u0130m\u00e2m H\u00fcseyin&#8217;in hayat\u0131ndaki en \u00f6nemli d\u00f6n\u00fcm noktas\u0131, 680 y\u0131l\u0131nda ger\u00e7ekle\u015fen Kerbel\u00e2 Vakas\u0131 olmu\u015f ve bu olay \u0130slam tarihinin en etkili hadiselerinden biri olarak kabul edilmi\u015ftir.<\/p>\n\n\n\n<p class=\"wp-block-paragraph\"><strong>Kerbel\u00e2\u2019n\u0131n Ana Kadrosu&nbsp;<\/strong><\/p>\n\n\n\n<p class=\"wp-block-paragraph\"><strong>Lider<\/strong><\/p>\n\n\n\n<p class=\"wp-block-paragraph\">\u0130m\u00e2m H\u00fcseyin bin Ali; Hz. Muhammed\u2019in torunu, Yezid\u2019e biat etmeyi reddetti. Kerbel\u00e2\u2019da \u015fehit edildi<strong><\/strong><\/p>\n\n\n\n<p class=\"wp-block-paragraph\"><strong>Aile ve yak\u0131n sava\u015f\u00e7\u0131lar<\/strong><\/p>\n\n\n\n<p class=\"wp-block-paragraph\"><strong>&nbsp;Sancaktar<\/strong><\/p>\n\n\n\n<p class=\"wp-block-paragraph\">Abbas bin Ali; H\u00fcseyin\u2019in karde\u015fi, F\u0131rat\u2019tan su getirmeye \u00e7al\u0131\u015f\u0131rken \u015fehit oldu<\/p>\n\n\n\n<p class=\"wp-block-paragraph\"><strong>O\u011fullar\u0131<\/strong><\/p>\n\n\n\n<p class=\"wp-block-paragraph\">Ali Ekber bin H\u00fcseyin<strong>,&nbsp;<\/strong>H\u00fcseyin\u2019e \u00e7ok benzedi\u011fi rivayet edilir<strong>.&nbsp;<\/strong>Sava\u015fta \u015fehit oldu<strong><\/strong><\/p>\n\n\n\n<p class=\"wp-block-paragraph\">Ali Asgar bin H\u00fcseyin<strong>,&nbsp;<\/strong>Bebek ya\u015fta<strong>&nbsp;<\/strong>su talebi s\u0131ras\u0131nda okla vuruldu\u011fu rivayet edilir<strong><\/strong><\/p>\n\n\n\n<p class=\"wp-block-paragraph\"><strong>Di\u011fer yak\u0131nlar<\/strong><\/p>\n\n\n\n<p class=\"wp-block-paragraph\">Kasim bin Hasan, Gen\u00e7 ya\u015fta sava\u015farak \u015fehit oldu<\/p>\n\n\n\n<p class=\"wp-block-paragraph\">Hasan bin Ali, Kerbel\u00e2\u2019dan \u00f6nce vefat etmi\u015fti, do\u011frudan olayda yoktur ama ailesi oradayd\u0131<\/p>\n\n\n\n<p class=\"wp-block-paragraph\"><strong>Kad\u0131n ve direni\u015f cephesi<\/strong><\/p>\n\n\n\n<p class=\"wp-block-paragraph\">Zeyneb bint Ali, H\u00fcseyin\u2019in k\u0131z karde\u015fi. Esaret sonras\u0131 konu\u015fmalar\u0131yla olay\u0131 tarihe ta\u015f\u0131d\u0131<\/p>\n\n\n\n<p class=\"wp-block-paragraph\">\u00dcmm\u00fc G\u00fcls\u00fcm bint Ali, Esaret kafilesinde yer ald\u0131<\/p>\n\n\n\n<p class=\"wp-block-paragraph\"><strong>K\u0131sa Yap\u0131sal \u00d6zet<\/strong><\/p>\n\n\n\n<p class=\"wp-block-paragraph\">Kerbel\u00e2 \u00fc\u00e7 ana bloktan olu\u015fur:<\/p>\n\n\n\n<p class=\"wp-block-paragraph\"><strong>1. H\u00fcseyin ve Ehl-i Beyt&nbsp;<\/strong>\u2192 Adalet + direni\u015f + \u015fehadet<strong><\/strong><\/p>\n\n\n\n<p class=\"wp-block-paragraph\"><strong>2. Kufe ordusu&nbsp;<\/strong>\u2192 Siyasi bask\u0131 + emir-komuta zinciri<strong><\/strong><\/p>\n\n\n\n<p class=\"wp-block-paragraph\"><strong>3. Emevi iktidar\u0131&nbsp;<\/strong>\u2192 Merkez\u00ee g\u00fc\u00e7 + me\u015fruiyet krizi<strong><\/strong><\/p>\n\n\n\n<p class=\"wp-block-paragraph\"><strong>Kerbel\u00e2 Vakas\u0131: G\u00fcn G\u00fcn Kronoloji (680 \/ Hicr\u00ee 61)<\/strong><\/p>\n\n\n\n<p class=\"wp-block-paragraph\"><strong>1. Muaviye&#8217;nin \u00d6l\u00fcm\u00fc ve Yezid&#8217;in Halifeli\u011fi<\/strong><\/p>\n\n\n\n<p class=\"wp-block-paragraph\"><strong>Receb 60 Hicr\u00ee (680)<\/strong><\/p>\n\n\n\n<ul class=\"wp-block-list\">\n<li>Muaviye bin Ebu S\u00fcfyan\u00a0vefat etti.<\/li>\n\n\n\n<li>O\u011flu\u00a0Yezid bin Muaviye\u00a0halife ilan edildi.<\/li>\n\n\n\n<li>Yezid, Medine valisine \u0130mam H\u00fcseyin&#8217;den biat almas\u0131n\u0131 emretti.<\/li>\n<\/ul>\n\n\n\n<p class=\"wp-block-paragraph\"><strong>\u0130mam H\u00fcseyin&#8217;in Tavr\u0131<\/strong><\/p>\n\n\n\n<ul class=\"wp-block-list\">\n<li>\u0130m\u00e2m H\u00fcseyin bin Ali\u00a0Yezid&#8217;e biat etmeyi kabul etmedi.<\/li>\n\n\n\n<li>Gece Medine&#8217;den ayr\u0131larak Mekke&#8217;ye ge\u00e7ti.<\/li>\n<\/ul>\n\n\n\n<p class=\"wp-block-paragraph\"><strong>2. Kufe Davetleri<\/strong><\/p>\n\n\n\n<p class=\"wp-block-paragraph\"><strong>\u015eaban\u2013Ramazan 60 Hicr\u00ee<\/strong><\/p>\n\n\n\n<ul class=\"wp-block-list\">\n<li>Kufe\u00a0halk\u0131 y\u00fczlerce mektup g\u00f6nderdi.<\/li>\n\n\n\n<li>H\u00fcseyin&#8217;i lider olarak g\u00f6rmek istediklerini bildirdiler.<\/li>\n<\/ul>\n\n\n\n<p class=\"wp-block-paragraph\"><strong>M\u00fcslim bin Akil&#8217;in G\u00f6nderilmesi<\/strong><\/p>\n\n\n\n<ul class=\"wp-block-list\">\n<li>M\u00fcslim bin Akil\u00a0Kufe&#8217;ye g\u00f6nderildi.<\/li>\n\n\n\n<li>\u0130lk a\u015famada binlerce ki\u015fi destek verdi.<\/li>\n<\/ul>\n\n\n\n<p class=\"wp-block-paragraph\"><strong>3. Kufe&#8217;de Dengelerin De\u011fi\u015fmesi<\/strong><\/p>\n\n\n\n<p class=\"wp-block-paragraph\"><strong>Zilkade 60 Hicr\u00ee<\/strong><\/p>\n\n\n\n<ul class=\"wp-block-list\">\n<li>Yeni vali olarak\u00a0Ubeydullah bin Ziyad\u00a0g\u00f6revlendirildi.<\/li>\n\n\n\n<li>Sert tedbirlerle Kufe&#8217;deki deste\u011fi da\u011f\u0131tt\u0131.<\/li>\n<\/ul>\n\n\n\n<p class=\"wp-block-paragraph\"><strong>M\u00fcslim bin Akil&#8217;in \u015eehadeti<\/strong><\/p>\n\n\n\n<ul class=\"wp-block-list\">\n<li>M\u00fcslim bin Akil yakaland\u0131.<\/li>\n\n\n\n<li>\u0130dam edildi.<\/li>\n\n\n\n<li>Bu haber H\u00fcseyin&#8217;e yolda ula\u015ft\u0131.<\/li>\n<\/ul>\n\n\n\n<p class=\"wp-block-paragraph\"><strong>4. Mekke&#8217;den Ayr\u0131l\u0131\u015f<\/strong><\/p>\n\n\n\n<p class=\"wp-block-paragraph\"><strong>8 Zilhicce 60 Hicr\u00ee<\/strong><\/p>\n\n\n\n<ul class=\"wp-block-list\">\n<li>Hac s\u0131ras\u0131nda kan d\u00f6k\u00fclmesini istemeyen H\u00fcseyin, hacc\u0131n\u0131 umreye \u00e7evirerek Mekke&#8217;den ayr\u0131ld\u0131.<\/li>\n\n\n\n<li>Ailesi ve yak\u0131nlar\u0131yla Irak&#8217;a y\u00f6neldi.<\/li>\n<\/ul>\n\n\n\n<p class=\"wp-block-paragraph\"><strong>5. Kerbel\u00e2&#8217;ya Ula\u015f\u0131lmas\u0131<\/strong><\/p>\n\n\n\n<p class=\"wp-block-paragraph\"><strong>2 Muharrem 61 Hicr\u00ee<\/strong><\/p>\n\n\n\n<ul class=\"wp-block-list\">\n<li>H\u00fcseyin&#8217;in kafilesi Kerbel\u00e2 ovas\u0131na ula\u015ft\u0131.<\/li>\n\n\n\n<li>Yakla\u015f\u0131k 70\u2013100 ki\u015filik bir topluluk bulunuyordu.<\/li>\n<\/ul>\n\n\n\n<p class=\"wp-block-paragraph\"><strong>Kar\u015f\u0131 Ordu<\/strong><\/p>\n\n\n\n<ul class=\"wp-block-list\">\n<li>Komutan:\u00a0Umar bin Sa&#8217;d<\/li>\n\n\n\n<li>Emevi kuvvetleri b\u00f6lgeyi ku\u015fatt\u0131.<\/li>\n<\/ul>\n\n\n\n<p class=\"wp-block-paragraph\"><strong>6. Su Yolunun Kesilmesi<\/strong><\/p>\n\n\n\n<p class=\"wp-block-paragraph\"><strong>7 Muharrem<\/strong><\/p>\n\n\n\n<ul class=\"wp-block-list\">\n<li>F\u0131rat Nehri&#8217;ne eri\u015fim engellendi.<\/li>\n\n\n\n<li>Kampta su s\u0131k\u0131nt\u0131s\u0131 ba\u015flad\u0131.<\/li>\n\n\n\n<li>\u00c7ocuklar ve ya\u015fl\u0131lar susuzluk \u00e7ekmeye ba\u015flad\u0131.<\/li>\n<\/ul>\n\n\n\n<p class=\"wp-block-paragraph\"><strong>7. Son Gece<\/strong><\/p>\n\n\n\n<p class=\"wp-block-paragraph\"><strong>9 Muharrem (Tasu\u00e2 Gecesi)<\/strong><\/p>\n\n\n\n<p class=\"wp-block-paragraph\">H\u00fcseyin son konu\u015fmas\u0131n\u0131 yapt\u0131. Yan\u0131ndakilere ayr\u0131lmak isteyenlerin serbest oldu\u011funu s\u00f6yledi. Rivayetlere g\u00f6re hi\u00e7bir yak\u0131n\u0131 onu terk etmedi.<\/p>\n\n\n\n<p class=\"wp-block-paragraph\"><strong>8. A\u015fura G\u00fcn\u00fc&nbsp;<\/strong><\/p>\n\n\n\n<p class=\"wp-block-paragraph\"><strong>10 Muharrem 61 Hicr\u00ee (10 Ekim 680)<\/strong><\/p>\n\n\n\n<p class=\"wp-block-paragraph\"><strong>Sabah&nbsp;<\/strong>H\u00fcseyin son hutbesini verdi.\u00c7at\u0131\u015fmalar ba\u015flad\u0131.<strong><\/strong><\/p>\n\n\n\n<p class=\"wp-block-paragraph\"><strong>\u0130lk \u015eehitler&nbsp;<\/strong>H\u00fcseyin&#8217;in dostlar\u0131 ve sahabeleri birer birer \u015fehit d\u00fc\u015ft\u00fc.<strong><\/strong><\/p>\n\n\n\n<p class=\"wp-block-paragraph\"><strong>Aile Fertlerinin \u015eehadeti<\/strong><\/p>\n\n\n\n<p class=\"wp-block-paragraph\"><strong>Ali Ekber bin H\u00fcseyin&nbsp;<\/strong>H\u00fcseyin&#8217;in o\u011flu.<strong>&nbsp;<\/strong>\u0130lk \u015fehit olan Ha\u015fimi gen\u00e7lerden biridir.<\/p>\n\n\n\n<p class=\"wp-block-paragraph\"><strong>Kasim bin Hasan&nbsp;<\/strong>Hasan&#8217;\u0131n o\u011flu.<strong>&nbsp;<\/strong>Gen\u00e7 ya\u015fta \u015fehit oldu.<\/p>\n\n\n\n<p class=\"wp-block-paragraph\"><strong>Abbas bin Ali&nbsp;<\/strong>Su getirmek i\u00e7in F\u0131rat&#8217;a ula\u015ft\u0131.<strong>&nbsp;<\/strong>D\u00f6n\u00fc\u015fte ku\u015fat\u0131larak \u015fehit edildi.<\/p>\n\n\n\n<p class=\"wp-block-paragraph\"><strong>Ali Asgar bin H\u00fcseyin&nbsp;<\/strong>Bebek ya\u015ftayd\u0131.<strong>&nbsp;<\/strong>\u015eii kaynaklar\u0131nda okla vurularak \u00f6ld\u00fcr\u00fcld\u00fc\u011f\u00fc aktar\u0131l\u0131r.<\/p>\n\n\n\n<p class=\"wp-block-paragraph\"><strong>9. \u0130mam H\u00fcseyin&#8217;in \u015eehadeti<\/strong><\/p>\n\n\n\n<p class=\"wp-block-paragraph\"><strong>\u00d6\u011fleden Sonra&nbsp;<\/strong>H\u00fcseyin tek ba\u015f\u0131na kald\u0131.<strong>&nbsp;<\/strong>A\u011f\u0131r yaraland\u0131.<strong><\/strong><\/p>\n\n\n\n<p class=\"wp-block-paragraph\"><strong>Son Anlar&nbsp;<\/strong>Tarih\u00ee kaynaklar ayr\u0131nt\u0131larda farkl\u0131l\u0131k g\u00f6sterse de, H\u00fcseyin sava\u015f meydan\u0131nda \u00f6ld\u00fcr\u00fcld\u00fc.<strong>&nbsp;<\/strong>Olayda&nbsp;\u015eimr bin Zilc\u00fc\u015fen&nbsp;ad\u0131 \u00f6ne \u00e7\u0131kar.<strong><\/strong><\/p>\n\n\n\n<p class=\"wp-block-paragraph\"><strong>10. Kerbel\u00e2 Sonras\u0131<\/strong><\/p>\n\n\n\n<p class=\"wp-block-paragraph\"><strong>\u00c7ad\u0131rlar\u0131n Ya\u011fmalanmas\u0131&nbsp;<\/strong>\u00c7ad\u0131rlar ate\u015fe verildi.<strong>&nbsp;<\/strong>Kad\u0131nlar ve \u00e7ocuklar esir al\u0131nd\u0131.<strong><\/strong><\/p>\n\n\n\n<p class=\"wp-block-paragraph\"><strong>Sa\u011f Kalan En \u00d6nemli \u0130sim&nbsp;<\/strong>Ali bin H\u00fcseyin Zeynelabidin<strong>&nbsp;<\/strong>hastal\u0131\u011f\u0131 nedeniyle sava\u015fa kat\u0131lamad\u0131.<strong>&nbsp;<\/strong>Ehl-i Beyt soyunun devam\u0131 onun \u00fczerinden s\u00fcrd\u00fc.<strong><\/strong><\/p>\n\n\n\n<p class=\"wp-block-paragraph\"><strong>Zeyneb bint Ali<\/strong><strong>&nbsp;<\/strong>Kufe&#8217;de halka hitap etti.<strong>&nbsp;<\/strong>\u015eam&#8217;da Yezid&#8217;in huzurunda konu\u015fma yapt\u0131.<strong>&nbsp;<\/strong>Kerbel\u00e2 hat\u0131ras\u0131n\u0131n nesilden nesile aktar\u0131lmas\u0131nda merkezi rol oynad\u0131.<strong><\/strong><\/p>\n\n\n\n<p class=\"wp-block-paragraph\"><strong>Kerbel\u00e2&#8217;n\u0131n \u0130slam Tarihine Etkileri<\/strong><\/p>\n\n\n\n<p class=\"wp-block-paragraph\"><strong>Siyasi Sonu\u00e7lar<\/strong><\/p>\n\n\n\n<ul class=\"wp-block-list\">\n<li>Emevi y\u00f6netiminin me\u015fruiyeti ciddi \u015fekilde tart\u0131\u015f\u0131ld\u0131. Sonraki y\u0131llarda bir\u00e7ok isyan\u0131n sembol\u00fc oldu.<\/li>\n<\/ul>\n\n\n\n<p class=\"wp-block-paragraph\"><strong>Dini Sonu\u00e7lar<\/strong><\/p>\n\n\n\n<ul class=\"wp-block-list\">\n<li>Muharrem ve A\u015fura matem gelene\u011fi geli\u015fti. \u015ei\u00ee kimli\u011finin \u015fekillenmesinde belirleyici olay haline geldi.<\/li>\n<\/ul>\n\n\n\n<p class=\"wp-block-paragraph\"><strong>Evrensel Mesaj<\/strong><\/p>\n\n\n\n<ul class=\"wp-block-list\">\n<li>G\u00fc\u00e7 kar\u015f\u0131s\u0131nda ilkeye ba\u011fl\u0131 kalman\u0131n,<\/li>\n\n\n\n<li>Adalet u\u011fruna fedak\u00e2rl\u0131\u011f\u0131n,<\/li>\n\n\n\n<li>Zulme boyun e\u011fmemenin sembol\u00fc olarak an\u0131lmaya devam etmektedir.<\/li>\n<\/ul>\n\n\n\n<p class=\"wp-block-paragraph\"><strong>Kerbel\u00e2&#8217;da \u015eehit Olanlar\u0131n Ba\u015fl\u0131ca \u0130simleri ve Akrabal\u0131k \u0130li\u015fkileri<\/strong><\/p>\n\n\n\n<p class=\"wp-block-paragraph\">Tarih\u00ee kaynaklarda say\u0131 konusunda farkl\u0131 rivayetler bulunsa da, yayg\u0131n kabul g\u00f6ren anlat\u0131mda \u0130mam H\u00fcseyin&#8217;in yan\u0131nda yakla\u015f\u0131k 72 ki\u015fi \u015fehit olmu\u015ftur. Bunlar\u0131n \u00f6nemli bir b\u00f6l\u00fcm\u00fc Ehl-i Beyt mensuplar\u0131d\u0131r.<\/p>\n\n\n\n<p class=\"wp-block-paragraph\"><strong>Ehl-i Beyt&#8217;ten \u015eehit Olanlar<\/strong><\/p>\n\n\n\n<p class=\"wp-block-paragraph\"><strong>\u0130mam H\u00fcseyin&#8217;in O\u011fullar\u0131<\/strong><\/p>\n\n\n\n<ul class=\"wp-block-list\">\n<li>Ali Ekber bin H\u00fcseyin<\/li>\n\n\n\n<li>Ali Asgar bin H\u00fcseyin\u00a0(Abdullah er-Rad\u00ee olarak da an\u0131l\u0131r)<\/li>\n<\/ul>\n\n\n\n<p class=\"wp-block-paragraph\"><strong>Karde\u015fleri<\/strong><\/p>\n\n\n\n<ul class=\"wp-block-list\">\n<li>Abbas bin Ali<\/li>\n\n\n\n<li>Abdullah bin Ali<\/li>\n\n\n\n<li>Cafer bin Ali<\/li>\n\n\n\n<li>Osman bin Ali<\/li>\n<\/ul>\n\n\n\n<p class=\"wp-block-paragraph\">Bu d\u00f6rt karde\u015f de Hz. Ali&#8217;nin,&nbsp;\u00dcmm\u00fc&#8217;l-Benin&#8217;den olan o\u011fullar\u0131yd\u0131.<\/p>\n\n\n\n<p class=\"wp-block-paragraph\"><strong>Hasan bin Ali&#8217;nin O\u011fullar\u0131<\/strong><\/p>\n\n\n\n<ul class=\"wp-block-list\">\n<li>Kasim bin Hasan<\/li>\n\n\n\n<li>Ebu Bekir bin Hasan<\/li>\n\n\n\n<li>Abdullah bin Hasan<\/li>\n<\/ul>\n\n\n\n<p class=\"wp-block-paragraph\"><strong>Ak\u00eel Soyundan \u015eehitler<\/strong><\/p>\n\n\n\n<ul class=\"wp-block-list\">\n<li>M\u00fcslim bin Akil&#8217;in o\u011fullar\u0131<\/li>\n\n\n\n<li>Cafer bin Akil<\/li>\n\n\n\n<li>Abdurrahman bin Akil<\/li>\n\n\n\n<li>Abdullah bin M\u00fcslim<\/li>\n<\/ul>\n\n\n\n<p class=\"wp-block-paragraph\"><strong>Cafer-i Tayy\u00e2r Soyundan \u015eehitler<\/strong><\/p>\n\n\n\n<ul class=\"wp-block-list\">\n<li>Avn bin Abdullah<\/li>\n\n\n\n<li>Muhammed bin Abdullah<\/li>\n<\/ul>\n\n\n\n<p class=\"wp-block-paragraph\">Bu isimler,&nbsp;Cafer bin Ebu Talib&nbsp;neslindendir.<\/p>\n\n\n\n<p class=\"wp-block-paragraph\"><strong>Kerbel\u00e2&#8217;dan Sa\u011f Kalan Ehl-i Beyt<\/strong><\/p>\n\n\n\n<p class=\"wp-block-paragraph\"><strong>En \u00d6nemli \u0130sim<\/strong><\/p>\n\n\n\n<p class=\"wp-block-paragraph\"><strong>Ali bin H\u00fcseyin Zeynelabidin<\/strong><\/p>\n\n\n\n<ul class=\"wp-block-list\">\n<li>Hastal\u0131\u011f\u0131 nedeniyle sava\u015fa kat\u0131lamad\u0131.<\/li>\n\n\n\n<li>Ehl-i Beyt nesli onun \u00fczerinden devam etti.<\/li>\n<\/ul>\n\n\n\n<p class=\"wp-block-paragraph\"><strong>Hz. Zeyneb&#8217;in Tarih\u00ee Rol\u00fc<\/strong><\/p>\n\n\n\n<p class=\"wp-block-paragraph\"><strong>Zeyneb bint Ali<\/strong><\/p>\n\n\n\n<ul class=\"wp-block-list\">\n<li>Hz. Ali&#8217;nin k\u0131z\u0131<\/li>\n\n\n\n<li>Hz. Hasan ve Hz. H\u00fcseyin&#8217;in k\u0131z karde\u015fi<\/li>\n\n\n\n<li>Kerbel\u00e2&#8217;n\u0131n en \u00f6nemli tan\u0131klar\u0131ndan biri<\/li>\n<\/ul>\n\n\n\n<p class=\"wp-block-paragraph\"><strong>Kufe&#8217;deki Konu\u015fmas\u0131<\/strong><\/p>\n\n\n\n<p class=\"wp-block-paragraph\">Esirler Kufe&#8217;ye getirildi\u011finde halk\u0131n bir k\u0131sm\u0131 a\u011flamaya ba\u015flad\u0131.<\/p>\n\n\n\n<p class=\"wp-block-paragraph\">Hz. Zeyneb halka hitaben \u00f6zetle: &#8220;Sizler H\u00fcseyin&#8217;i davet ettiniz, sonra da onu yaln\u0131z b\u0131rakt\u0131n\u0131z.&#8221; mesaj\u0131n\u0131 verdi. Bu konu\u015fma, Kufe halk\u0131n\u0131n vicdan muhasebesine yol a\u00e7an en \u00f6nemli hitaplardan biri olarak kabul edilir.<\/p>\n\n\n\n<p class=\"wp-block-paragraph\"><strong>\u015eam&#8217;da Yezid&#8217;in Saray\u0131ndaki Konu\u015fmas\u0131<\/strong><\/p>\n\n\n\n<p class=\"wp-block-paragraph\">Esir kafilesi \u015eam&#8217;a g\u00f6t\u00fcr\u00fcld\u00fc\u011f\u00fcnde, Yezid&#8217;in huzurunda tarih\u00ee bir konu\u015fma yapt\u0131.<\/p>\n\n\n\n<p class=\"wp-block-paragraph\">Konu\u015fmas\u0131n\u0131n ana temalar\u0131:<\/p>\n\n\n\n<ul class=\"wp-block-list\">\n<li>Zaferin ge\u00e7ici oldu\u011fu,<\/li>\n\n\n\n<li>Zulm\u00fcn kal\u0131c\u0131 olmayaca\u011f\u0131,<\/li>\n\n\n\n<li>Ehl-i Beyt&#8217;in manevi \u00fcst\u00fcnl\u00fc\u011f\u00fcn\u00fcn devam etti\u011fi,<\/li>\n\n\n\n<li>H\u00fcseyin&#8217;in davas\u0131n\u0131n yok edilemeyece\u011fi.<\/li>\n<\/ul>\n\n\n\n<p class=\"wp-block-paragraph\">Bu hitabe, \u015eii ve bir\u00e7ok S\u00fcnni tarih\u00e7i taraf\u0131ndan Kerbel\u00e2 sonras\u0131n\u0131n en etkili konu\u015fmalar\u0131ndan biri olarak de\u011ferlendirilir.<\/p>\n\n\n\n<p class=\"wp-block-paragraph\"><strong>Kerbel\u00e2&#8217;n\u0131n Sonraki Nesillere Etkisi<\/strong><\/p>\n\n\n\n<p class=\"wp-block-paragraph\">Kerbel\u00e2 haf\u0131zas\u0131n\u0131n korunmas\u0131nda \u00fc\u00e7 ki\u015fi \u00f6zellikle \u00f6ne \u00e7\u0131kar:<\/p>\n\n\n\n<ol start=\"1\" class=\"wp-block-list\">\n<li>Zeyneb bint Ali<\/li>\n\n\n\n<li>Ali bin H\u00fcseyin Zeynelabidin<\/li>\n\n\n\n<li>Muhammed el-Bak\u0131r<\/li>\n<\/ol>\n\n\n\n<p class=\"wp-block-paragraph\">Bu isimler sayesinde Kerbel\u00e2 olay\u0131 sadece bir sava\u015f olarak de\u011fil, ahlaki ve siyasi bir sembol olarak sonraki y\u00fczy\u0131llara ta\u015f\u0131nm\u0131\u015ft\u0131r.<\/p>\n\n\n\n<p class=\"wp-block-paragraph\"><strong>Kerbel\u00e2&#8217;n\u0131n \u00d6zeti<\/strong><\/p>\n\n\n\n<ul class=\"wp-block-list\">\n<li>H\u00fcseyin&#8217;in yan\u0131nda \u00e7ok k\u00fc\u00e7\u00fck bir topluluk vard\u0131.<\/li>\n\n\n\n<li>Kar\u015f\u0131s\u0131nda devlet g\u00fcc\u00fcn\u00fc temsil eden b\u00fcy\u00fck bir ordu bulunuyordu.<\/li>\n\n\n\n<li>Olay asker\u00ee a\u00e7\u0131dan k\u0131sa s\u00fcrm\u00fc\u015f, ancak tarih\u00ee etkisi y\u00fczy\u0131llar boyunca devam etmi\u015ftir.<\/li>\n\n\n\n<li>\u0130slam tarihindeki en \u00f6nemli d\u00f6n\u00fcm noktalar\u0131ndan biri olarak kabul edilir.<\/li>\n<\/ul>\n","protected":false},"excerpt":{"rendered":"<p>\u201cMah-\u0131 Matem Muharrem\u201d ifadesi, kelime olarak&nbsp;\u201cMatem Ay\u0131 Muharrem\u201d&nbsp;anlam\u0131na gelir ve \u0130slam tarihinde \u00f6zellikle&nbsp;A\u015fure G\u00fcn\u00fc ve Kerbel\u00e2 olay\u0131&nbsp;nedeniyle yas ve anma ay\u0131 olarak kabul edilen Muharrem ay\u0131n\u0131 ifade eder. Muharrem Ay\u0131 Nedir? Muharrem, Hicr\u00ee takvimin&nbsp;ilk ay\u0131d\u0131r&nbsp;ve d\u00f6rt haram aydan biridir. \u0130slam\u2019da bu ayda sava\u015fman\u0131n ve kan d\u00f6kmenin yasak oldu\u011fu bir geleneksel anlay\u0131\u015f vard\u0131r. \u201cMatem\u201d Neden Denir?<a href=\"https:\/\/cihankama.com\/?p=161\"> &#8230;read more.<\/a><\/p>\n","protected":false},"author":1,"featured_media":0,"comment_status":"open","ping_status":"open","sticky":false,"template":"","format":"standard","meta":{"footnotes":""},"categories":[15,11],"tags":[18],"class_list":["post-161","post","type-post","status-publish","format-standard","hentry","category-iman","category-tarih","tag-iradeolcu"],"_links":{"self":[{"href":"https:\/\/cihankama.com\/index.php?rest_route=\/wp\/v2\/posts\/161","targetHints":{"allow":["GET"]}}],"collection":[{"href":"https:\/\/cihankama.com\/index.php?rest_route=\/wp\/v2\/posts"}],"about":[{"href":"https:\/\/cihankama.com\/index.php?rest_route=\/wp\/v2\/types\/post"}],"author":[{"embeddable":true,"href":"https:\/\/cihankama.com\/index.php?rest_route=\/wp\/v2\/users\/1"}],"replies":[{"embeddable":true,"href":"https:\/\/cihankama.com\/index.php?rest_route=%2Fwp%2Fv2%2Fcomments&post=161"}],"version-history":[{"count":1,"href":"https:\/\/cihankama.com\/index.php?rest_route=\/wp\/v2\/posts\/161\/revisions"}],"predecessor-version":[{"id":162,"href":"https:\/\/cihankama.com\/index.php?rest_route=\/wp\/v2\/posts\/161\/revisions\/162"}],"wp:attachment":[{"href":"https:\/\/cihankama.com\/index.php?rest_route=%2Fwp%2Fv2%2Fmedia&parent=161"}],"wp:term":[{"taxonomy":"category","embeddable":true,"href":"https:\/\/cihankama.com\/index.php?rest_route=%2Fwp%2Fv2%2Fcategories&post=161"},{"taxonomy":"post_tag","embeddable":true,"href":"https:\/\/cihankama.com\/index.php?rest_route=%2Fwp%2Fv2%2Ftags&post=161"}],"curies":[{"name":"wp","href":"https:\/\/api.w.org\/{rel}","templated":true}]}}