{"id":153,"date":"2026-02-19T13:21:51","date_gmt":"2026-02-19T10:21:51","guid":{"rendered":"https:\/\/cihankama.com\/?p=153"},"modified":"2026-02-19T13:21:51","modified_gmt":"2026-02-19T10:21:51","slug":"turkiyenin-stratejik-degerlendirmesi","status":"publish","type":"post","link":"https:\/\/cihankama.com\/?p=153","title":{"rendered":"T\u00dcRK\u0130YE\u2019N\u0130N STRATEJ\u0130K DE\u011eERLEND\u0130RMES\u0130"},"content":{"rendered":"\n<p class=\"wp-block-paragraph\"><strong>Egemenlik, G\u00fcvenlik ve Kurumsal Rasyonalite \u00c7er\u00e7evesi<\/strong><\/p>\n\n\n\n<p class=\"wp-block-paragraph\"><strong>\u00d6NS\u00d6Z<\/strong><\/p>\n\n\n\n<p class=\"wp-block-paragraph\">D\u00fcnya, belirsizliklerin derinle\u015fti\u011fi; g\u00fcvenlik, ekonomi ve siyasal istikrar\u0131n birbirinden ayr\u0131lmaz h\u00e2le geldi\u011fi bir d\u00f6nemden ge\u00e7mektedir. Bu ortamda devletlerin politika tercihlerini tek boyutlu normatif \u00f6l\u00e7\u00fctlerle de\u011ferlendirmek, analitik a\u00e7\u0131dan eksik ve y\u00f6nlendirici sonu\u00e7lar \u00fcretmektedir.<\/p>\n\n\n\n<p class=\"wp-block-paragraph\">T\u00fcrkiye, bulundu\u011fu co\u011frafya ve tarihsel sorumluluklar\u0131 gere\u011fi, e\u015f zamanl\u0131 tehditlerle y\u00fczle\u015fen; karar alma s\u00fcre\u00e7lerinde h\u0131z, koordinasyon ve kurumsal dayan\u0131kl\u0131l\u0131\u011f\u0131 \u00f6ncelemek zorunda olan bir devlettir. Bu durum bir tercih de\u011fil, <strong>devlet akl\u0131n\u0131n zorunlu sonucudur<\/strong>.<\/p>\n\n\n\n<p class=\"wp-block-paragraph\">Elinizdeki bu \u00e7al\u0131\u015fma, T\u00fcrkiye\u2019ye y\u00f6nelik uluslararas\u0131 raporlarda dile getirilen de\u011ferlendirmelere kar\u015f\u0131 bir reddiye \u00fcretmeyi de\u011fil; daha b\u00fct\u00fcnc\u00fcl, ba\u011flamsal ve ger\u00e7ek\u00e7i bir okuma zemini sunmay\u0131 ama\u00e7lamaktad\u0131r. Ama\u00e7 polemik de\u011fil, <strong>karar alma rasyonalitesini do\u011fru ba\u011flama oturtmakt\u0131r<\/strong>.<\/p>\n\n\n\n<p class=\"wp-block-paragraph\">Devletlerin egemenli\u011fi, g\u00fcvenli\u011fi ve toplumsal b\u00fct\u00fcnl\u00fc\u011f\u00fc; d\u00f6nemsel beklentilerden ba\u011f\u0131ms\u0131z olarak korunmas\u0131 gereken temel ilkelerdir. T\u00fcrkiye\u2019nin izledi\u011fi politikalar da bu ilkeler do\u011frultusunda \u015fekillenmektedir.<\/p>\n\n\n\n<p class=\"wp-block-paragraph\">Bu metnin, \u00fclkemizi de\u011ferlendiren t\u00fcm \u00e7evreler i\u00e7in daha sa\u011fl\u0131kl\u0131 ve dengeli bir perspektife katk\u0131 sunmas\u0131n\u0131 temenni ediyorum.<\/p>\n\n\n\n<p class=\"wp-block-paragraph\"><strong>I. YAKLA\u015eIM VE METODOLOJ\u0130K \u00c7ER\u00c7EVE<\/strong><\/p>\n\n\n\n<p class=\"wp-block-paragraph\">Bu \u00e7al\u0131\u015fma, normatif kar\u015f\u0131la\u015ft\u0131rmalar yerine <strong>ba\u011flamsal analiz<\/strong> y\u00f6ntemini esas almaktad\u0131r. Devlet davran\u0131\u015flar\u0131n\u0131n; soyut ideal tipler \u00fczerinden de\u011fil, tehdit alg\u0131lar\u0131, kapasite d\u00fczeyi ve tarihsel deneyim \u00fczerinden okunmas\u0131 gerekti\u011fi kabul edilmektedir.<\/p>\n\n\n\n<p class=\"wp-block-paragraph\">Uluslararas\u0131 raporlar\u0131n \u00f6nemli bir b\u00f6l\u00fcm\u00fc, liberal-demokrat kurumsal modeli evrensel norm olarak kabul etmekte; bu normdan sapmalar\u0131 \u201cgerileme\u201d kavram\u0131 ile a\u00e7\u0131klamaktad\u0131r. Oysa devletlerin kurumsal yap\u0131lanmalar\u0131, <strong>tekil de\u011fil \u00e7o\u011ful<\/strong> modeller \u00fczerinden \u015fekillenmektedir.<\/p>\n\n\n\n<p class=\"wp-block-paragraph\">Bu metin, kar\u015f\u0131la\u015ft\u0131rma yapmaktan ka\u00e7\u0131nmaz; ancak kar\u015f\u0131la\u015ft\u0131rman\u0131n <strong>benzer g\u00fcvenlik ko\u015fullar\u0131<\/strong> dikkate al\u0131narak yap\u0131lmas\u0131 gerekti\u011fini savunur.<\/p>\n\n\n\n<p class=\"wp-block-paragraph\"><strong>II. G\u00dcVENL\u0130K ORTAMI VE TEHD\u0130T ALGISI<\/strong><\/p>\n\n\n\n<p class=\"wp-block-paragraph\">T\u00fcrkiye, e\u015f zamanl\u0131 ve \u00e7ok katmanl\u0131 g\u00fcvenlik bask\u0131lar\u0131 alt\u0131nda bulunan nadir \u00fclkelerden biridir. G\u00fcney s\u0131n\u0131rlar\u0131nda s\u00fcregelen \u00e7at\u0131\u015fmalar, devlet d\u0131\u015f\u0131 silahl\u0131 akt\u00f6rler, ter\u00f6r tehdidi ve b\u00fcy\u00fck g\u00fc\u00e7 rekabetinin b\u00f6lgesel yans\u0131malar\u0131 bu tabloyu belirlemektedir.<\/p>\n\n\n\n<p class=\"wp-block-paragraph\">Bu g\u00fcvenlik ortam\u0131:<\/p>\n\n\n\n<p class=\"wp-block-paragraph\">\u2022 Karar alma s\u00fcre\u00e7lerinde h\u0131z ve merkez\u00ee koordinasyonu,<\/p>\n\n\n\n<p class=\"wp-block-paragraph\">\u2022 Kurumsal \u00f6nceliklerin yeniden s\u0131ralanmas\u0131n\u0131,<\/p>\n\n\n\n<p class=\"wp-block-paragraph\">\u2022 G\u00fcvenlik kapasitesinin art\u0131r\u0131lmas\u0131n\u0131<\/p>\n\n\n\n<p class=\"wp-block-paragraph\">zorunlu k\u0131lmaktad\u0131r.<\/p>\n\n\n\n<p class=\"wp-block-paragraph\">Bu ko\u015fullar alt\u0131nda geli\u015ftirilen politikalar, ola\u011fan d\u00f6nem kriterleriyle \u00f6l\u00e7\u00fcld\u00fc\u011f\u00fcnde yanl\u0131\u015f yorumlara a\u00e7\u0131k h\u00e2le gelmektedir. G\u00fcvenlik merkezli refleksler, demokratik sistemlerin zay\u0131flamas\u0131 de\u011fil; <strong>devletin devaml\u0131l\u0131\u011f\u0131n\u0131 sa\u011flama i\u015flevinin<\/strong> bir par\u00e7as\u0131d\u0131r.<\/p>\n\n\n\n<p class=\"wp-block-paragraph\"><strong>III. KURUMSAL YAPILANMA VE DEVLET KAPAS\u0130TES\u0130<\/strong><\/p>\n\n\n\n<p class=\"wp-block-paragraph\">T\u00fcrkiye\u2019de son y\u0131llarda g\u00f6zlemlenen kurumsal d\u00f6n\u00fc\u015f\u00fcm, bir gerileme s\u00fcreci de\u011fil; <strong>kriz y\u00f6netimi odakl\u0131 yeniden yap\u0131lanma<\/strong> s\u00fcrecidir. Da\u011f\u0131n\u0131k ve yava\u015f i\u015fleyen karar alma mekanizmalar\u0131n\u0131n, y\u00fcksek tehdit ortam\u0131nda etkinlik kayb\u0131na yol a\u00e7t\u0131\u011f\u0131 tecr\u00fcbe edilmi\u015ftir.<\/p>\n\n\n\n<p class=\"wp-block-paragraph\">Merkez\u00eele\u015fme e\u011filimi:<\/p>\n\n\n\n<p class=\"wp-block-paragraph\">\u2022 Hesap verilebilirli\u011fi ortadan kald\u0131rmay\u0131 de\u011fil,<\/p>\n\n\n\n<p class=\"wp-block-paragraph\">\u2022 Kurumlar aras\u0131 koordinasyonu art\u0131rmay\u0131,<\/p>\n\n\n\n<p class=\"wp-block-paragraph\">\u2022 Krizlere e\u015f zamanl\u0131 yan\u0131t \u00fcretmeyi<\/p>\n\n\n\n<p class=\"wp-block-paragraph\">hedeflemektedir.<\/p>\n\n\n\n<p class=\"wp-block-paragraph\">Devlet kapasitesi, yaln\u0131zca sivil g\u00f6stergelerle de\u011fil; <strong>kriz an\u0131ndaki i\u015flevsellik<\/strong> ve karar alma etkinli\u011fi \u00fczerinden de\u011ferlendirilmelidir.<\/p>\n\n\n\n<p class=\"wp-block-paragraph\"><strong>IV. DEMOKRAT\u0130K ME\u015eRU\u0130YET\u0130N BA\u011eLAMSAL YORUMU<\/strong><\/p>\n\n\n\n<p class=\"wp-block-paragraph\">Demokratik me\u015fruiyet, yaln\u0131zca kurumsal formlar \u00fczerinden tan\u0131mlanamaz. Se\u00e7im temelli siyasal temsil, toplumsal r\u0131za ve y\u00f6netime kat\u0131l\u0131m, demokratik me\u015fruiyetin temel bile\u015fenleridir.<\/p>\n\n\n\n<p class=\"wp-block-paragraph\">Y\u00fcksek g\u00fcvenlik bask\u0131s\u0131 alt\u0131ndaki d\u00f6nemlerde, demokratik sistemler <strong>uyarlanabilir refleksler<\/strong> geli\u015ftirebilir. Bu durum normdan sapma de\u011fil; sistemin kendini koruma kapasitesidir.<\/p>\n\n\n\n<p class=\"wp-block-paragraph\">T\u00fcrkiye \u00f6rne\u011finde demokratik me\u015fruiyet:<\/p>\n\n\n\n<p class=\"wp-block-paragraph\">\u2022 Se\u00e7im s\u00fcre\u00e7leri,<\/p>\n\n\n\n<p class=\"wp-block-paragraph\">\u2022 Toplumsal temsil,<\/p>\n\n\n\n<p class=\"wp-block-paragraph\">\u2022 Siyasal istikrar<\/p>\n\n\n\n<p class=\"wp-block-paragraph\">\u00fczerinden \u00fcretilmektedir.<\/p>\n\n\n\n<p class=\"wp-block-paragraph\"><strong>V. DI\u015e POL\u0130T\u0130KA VE STRATEJ\u0130K \u00d6ZERKL\u0130K<\/strong><\/p>\n\n\n\n<p class=\"wp-block-paragraph\">T\u00fcrkiye\u2019nin d\u0131\u015f politika yakla\u015f\u0131m\u0131, s\u0131kl\u0131kla \u201ceksen kaymas\u0131\u201d kavram\u0131 \u00fczerinden tart\u0131\u015f\u0131lmaktad\u0131r. Bu yakla\u015f\u0131m, \u00e7ok y\u00f6nl\u00fc diplomasi ile ittifak kopu\u015fu aras\u0131ndaki fark\u0131 g\u00f6z ard\u0131 etmektedir.<\/p>\n\n\n\n<p class=\"wp-block-paragraph\">Stratejik \u00f6zerklik:<\/p>\n\n\n\n<p class=\"wp-block-paragraph\">\u2022 \u0130ttifaklar\u0131 reddetmez,<\/p>\n\n\n\n<p class=\"wp-block-paragraph\">\u2022 Ulusal \u00e7\u0131kar\u0131 merkeze al\u0131r,<\/p>\n\n\n\n<p class=\"wp-block-paragraph\">\u2022 Kriz d\u00f6nemlerinde m\u00fczakere g\u00fcc\u00fcn\u00fc art\u0131r\u0131r.<\/p>\n\n\n\n<p class=\"wp-block-paragraph\">Bu politika, kopu\u015f de\u011fil; <strong>denge ve uyum aray\u0131\u015f\u0131d\u0131r<\/strong>.<\/p>\n\n\n\n<p class=\"wp-block-paragraph\"><strong>VI. METODOLOJ\u0130K SINIRLILIKLAR<\/strong><\/p>\n\n\n\n<p class=\"wp-block-paragraph\">Endeks temelli analizler, ba\u011flamdan kopar\u0131ld\u0131\u011f\u0131nda yan\u0131lt\u0131c\u0131 sonu\u00e7lar \u00fcretebilir. G\u00fcvenlik tehdidi yo\u011funlu\u011fu, co\u011frafi riskler ve tarihsel deneyim analize d\u00e2hil edilmedi\u011finde de\u011ferlendirmeler <strong>normatif nitelik kazan\u0131r<\/strong>.<\/p>\n\n\n\n<p class=\"wp-block-paragraph\">Analitik tutarl\u0131l\u0131k, veri se\u00e7iminin \u015feffafl\u0131\u011f\u0131 ve ba\u011flamsal b\u00fct\u00fcnl\u00fckle m\u00fcmk\u00fcnd\u00fcr.<\/p>\n\n\n\n<p class=\"wp-block-paragraph\"><strong>SONU\u00c7 VE DE\u011eERLEND\u0130RME<\/strong><\/p>\n\n\n\n<p class=\"wp-block-paragraph\">T\u00fcrkiye\u2019ye y\u00f6nelik de\u011ferlendirmelerin, \u00fclkenin kar\u015f\u0131 kar\u015f\u0131ya oldu\u011fu g\u00fcvenlik ger\u00e7ekli\u011fi ve devlet kapasitesi dikkate al\u0131nmadan yap\u0131lmas\u0131, politika davran\u0131\u015f\u0131n\u0131 a\u00e7\u0131klamakta yetersiz kalacakt\u0131r.<\/p>\n\n\n\n<p class=\"wp-block-paragraph\">Bu metin, mevcut analizleri reddetmeyi de\u011fil; <strong>tamamlamay\u0131 ve dengelemeyi<\/strong> ama\u00e7lamaktad\u0131r. T\u00fcrkiye\u2019nin de\u011ferlendirilmesi, egemenlik, g\u00fcvenlik ve kurumsal rasyonalite parametreleri dikkate al\u0131nd\u0131\u011f\u0131nda daha sa\u011fl\u0131kl\u0131 sonu\u00e7lar \u00fcretecektir.<\/p>\n\n\n\n<p class=\"wp-block-paragraph\">Bu \u00e7er\u00e7eve, savunma de\u011fil; <strong>do\u011fru okuma zemini<\/strong> sunmaktad\u0131r.<\/p>\n","protected":false},"excerpt":{"rendered":"<p>Egemenlik, G\u00fcvenlik ve Kurumsal Rasyonalite \u00c7er\u00e7evesi \u00d6NS\u00d6Z D\u00fcnya, belirsizliklerin derinle\u015fti\u011fi; g\u00fcvenlik, ekonomi ve siyasal istikrar\u0131n birbirinden ayr\u0131lmaz h\u00e2le geldi\u011fi bir d\u00f6nemden ge\u00e7mektedir. Bu ortamda devletlerin politika tercihlerini tek boyutlu normatif \u00f6l\u00e7\u00fctlerle de\u011ferlendirmek, analitik a\u00e7\u0131dan eksik ve y\u00f6nlendirici sonu\u00e7lar \u00fcretmektedir. T\u00fcrkiye, bulundu\u011fu co\u011frafya ve tarihsel sorumluluklar\u0131 gere\u011fi, e\u015f zamanl\u0131 tehditlerle y\u00fczle\u015fen; karar alma s\u00fcre\u00e7lerinde h\u0131z, koordinasyon<a href=\"https:\/\/cihankama.com\/?p=153\"> &#8230;read more.<\/a><\/p>\n","protected":false},"author":1,"featured_media":0,"comment_status":"open","ping_status":"open","sticky":false,"template":"","format":"standard","meta":{"footnotes":""},"categories":[13,11],"tags":[18],"class_list":["post-153","post","type-post","status-publish","format-standard","hentry","category-siyaset","category-tarih","tag-iradeolcu"],"_links":{"self":[{"href":"https:\/\/cihankama.com\/index.php?rest_route=\/wp\/v2\/posts\/153","targetHints":{"allow":["GET"]}}],"collection":[{"href":"https:\/\/cihankama.com\/index.php?rest_route=\/wp\/v2\/posts"}],"about":[{"href":"https:\/\/cihankama.com\/index.php?rest_route=\/wp\/v2\/types\/post"}],"author":[{"embeddable":true,"href":"https:\/\/cihankama.com\/index.php?rest_route=\/wp\/v2\/users\/1"}],"replies":[{"embeddable":true,"href":"https:\/\/cihankama.com\/index.php?rest_route=%2Fwp%2Fv2%2Fcomments&post=153"}],"version-history":[{"count":1,"href":"https:\/\/cihankama.com\/index.php?rest_route=\/wp\/v2\/posts\/153\/revisions"}],"predecessor-version":[{"id":154,"href":"https:\/\/cihankama.com\/index.php?rest_route=\/wp\/v2\/posts\/153\/revisions\/154"}],"wp:attachment":[{"href":"https:\/\/cihankama.com\/index.php?rest_route=%2Fwp%2Fv2%2Fmedia&parent=153"}],"wp:term":[{"taxonomy":"category","embeddable":true,"href":"https:\/\/cihankama.com\/index.php?rest_route=%2Fwp%2Fv2%2Fcategories&post=153"},{"taxonomy":"post_tag","embeddable":true,"href":"https:\/\/cihankama.com\/index.php?rest_route=%2Fwp%2Fv2%2Ftags&post=153"}],"curies":[{"name":"wp","href":"https:\/\/api.w.org\/{rel}","templated":true}]}}