{"id":142,"date":"2026-01-27T13:47:45","date_gmt":"2026-01-27T10:47:45","guid":{"rendered":"https:\/\/cihankama.com\/?p=142"},"modified":"2026-01-27T13:47:45","modified_gmt":"2026-01-27T10:47:45","slug":"milliyetci-cizgi","status":"publish","type":"post","link":"https:\/\/cihankama.com\/?p=142","title":{"rendered":"Milliyet\u00e7i \u00c7izgi"},"content":{"rendered":"\n<p class=\"wp-block-paragraph\"><strong>Egemenlik, G\u00fcvenlik ve Stratejik \u00d6zerklik Perspektifi<\/strong><\/p>\n\n\n\n<p class=\"wp-block-paragraph\"><strong>Bu metin<\/strong>, uluslararas\u0131 think tank raporlar\u0131nda T\u00fcrkiye\u2019ye y\u00f6nelik yap\u0131lan de\u011ferlendirmelere <strong>milliyet\u00e7i-devlet merkezli<\/strong> bir perspektiften, <strong>akademik ve so\u011fukkanl\u0131<\/strong> bir kar\u015f\u0131l\u0131k sunmak \u00fczere haz\u0131rlanm\u0131\u015f <strong>\u00f6rnek bir politika raporudur<\/strong>.<\/p>\n\n\n\n<p class=\"wp-block-paragraph\"><strong>Y\u00fcr\u00fct\u00fcc\u00fc \u00d6zet<\/strong><\/p>\n\n\n\n<p class=\"wp-block-paragraph\">Uluslararas\u0131 raporlar T\u00fcrkiye\u2019yi s\u0131kl\u0131kla normatif demokrasi g\u00f6stergeleri \u00fczerinden de\u011ferlendirmekte; g\u00fcvenlik tehditleri, b\u00f6lgesel istikrars\u0131zl\u0131k ve tarihsel deneyimlerin politika tercihlerine etkisini ikincil plana itmektedir. Bu kar\u015f\u0131 rapor, <strong>egemenlik, ulusal g\u00fcvenlik ve stratejik \u00f6zerklik<\/strong> kavramlar\u0131n\u0131 merkeze alarak mevcut analizlerin s\u0131n\u0131rl\u0131l\u0131klar\u0131n\u0131 ortaya koymakta ve <strong>alternatif bir okuma<\/strong> sunmaktad\u0131r.<\/p>\n\n\n\n<p class=\"wp-block-paragraph\">Ana bulgular:<\/p>\n\n\n\n<p class=\"wp-block-paragraph\">\u2022 T\u00fcrkiye\u2019nin politika tercihleri <strong>tepkisel de\u011fil, yap\u0131sald\u0131r<\/strong>.<\/p>\n\n\n\n<p class=\"wp-block-paragraph\">\u2022 G\u00fcvenlik \u00f6ncelikleri demokratik gerileme de\u011fil, <strong>devlet kapasitesinin yeniden in\u015fas\u0131<\/strong> ba\u011flam\u0131nda ele al\u0131nmal\u0131d\u0131r.<\/p>\n\n\n\n<p class=\"wp-block-paragraph\">\u2022 Normatif tek model yakla\u015f\u0131m\u0131, b\u00f6lgesel ger\u00e7eklikle uyumsuzdur.<\/p>\n\n\n\n<p class=\"wp-block-paragraph\"><strong>1. Varsay\u0131mlar ve Normatif \u00c7er\u00e7eve<\/strong><\/p>\n\n\n\n<p class=\"wp-block-paragraph\">Ele al\u0131nan raporlar, liberal-demokrat kurumsal modeli evrensel bir norm olarak kabul etmekte; bu normdan sapmalar\u0131 \u201cgerileme\u201d olarak tan\u0131mlamaktad\u0131r. Oysa devletlerin kurumsal yap\u0131lanmalar\u0131 <strong>tarihsel deneyim, g\u00fcvenlik \u00e7evresi ve toplumsal b\u00fct\u00fcnl\u00fck<\/strong> ile do\u011frudan ili\u015fkilidir.<\/p>\n\n\n\n<p class=\"wp-block-paragraph\">Milliyet\u00e7i perspektiften bak\u0131ld\u0131\u011f\u0131nda:<\/p>\n\n\n\n<p class=\"wp-block-paragraph\">\u2022 Egemenlik, soyut bir kavram de\u011fil <strong>politik karar alma yetisinin korunmas\u0131d\u0131r<\/strong>.<\/p>\n\n\n\n<p class=\"wp-block-paragraph\">\u2022 Kurumsal esneklik, zay\u0131fl\u0131k de\u011fil <strong>adaptasyon kapasitesidir<\/strong>.<\/p>\n\n\n\n<p class=\"wp-block-paragraph\"><strong>2. G\u00fcvenlik Ortam\u0131 ve Ba\u011flam Analizi<\/strong><\/p>\n\n\n\n<p class=\"wp-block-paragraph\">T\u00fcrkiye:<\/p>\n\n\n\n<p class=\"wp-block-paragraph\">\u2022 G\u00fcney s\u0131n\u0131rlar\u0131nda fiil\u00ee sava\u015f alanlar\u0131yla,<\/p>\n\n\n\n<p class=\"wp-block-paragraph\">\u2022 Ter\u00f6r \u00f6rg\u00fctleriyle \u00e7ok cepheli m\u00fccadeleyle,<\/p>\n\n\n\n<p class=\"wp-block-paragraph\">\u2022 B\u00fcy\u00fck g\u00fc\u00e7 rekabetinin kesi\u015fim noktas\u0131nda<\/p>\n\n\n\n<p class=\"wp-block-paragraph\">bulunmaktad\u0131r.<\/p>\n\n\n\n<p class=\"wp-block-paragraph\">Bu ko\u015fullar alt\u0131nda g\u00fcvenlik merkezli politika \u00fcretimi:<\/p>\n\n\n\n<p class=\"wp-block-paragraph\">\u2022 \u0130stisna de\u011fil <strong>zorunluluktur<\/strong>.<\/p>\n\n\n\n<p class=\"wp-block-paragraph\">\u2022 Ge\u00e7ici de\u011fil <strong>yap\u0131sal<\/strong> bir durumdur.<\/p>\n\n\n\n<p class=\"wp-block-paragraph\">Raporda bu ba\u011flam yeterince hesaba kat\u0131lmadan yap\u0131lan de\u011ferlendirmeler, analitik derinlikten yoksundur.<\/p>\n\n\n\n<p class=\"wp-block-paragraph\"><strong>3. Metodoloji ve Veri Se\u00e7imi Ele\u015ftirisi<\/strong><\/p>\n\n\n\n<p class=\"wp-block-paragraph\">Mevcut raporlar:<\/p>\n\n\n\n<p class=\"wp-block-paragraph\">\u2022 Endeks bazl\u0131 \u00f6l\u00e7\u00fcmleri esas almakta,<\/p>\n\n\n\n<p class=\"wp-block-paragraph\">\u2022 G\u00fcvenlik tehdidi yo\u011funlu\u011funu \u00f6l\u00e7en g\u00f6stergeleri d\u0131\u015far\u0131da b\u0131rakmaktad\u0131r.<\/p>\n\n\n\n<p class=\"wp-block-paragraph\">Bu yakla\u015f\u0131m:<\/p>\n\n\n\n<p class=\"wp-block-paragraph\">\u2022 Devlet kapasitesini yaln\u0131zca sivil alanla s\u0131n\u0131rlar,<\/p>\n\n\n\n<p class=\"wp-block-paragraph\">\u2022 G\u00fcvenlik-b\u00fcrokrasi ili\u015fkisini analizin d\u0131\u015f\u0131nda b\u0131rak\u0131r.<\/p>\n\n\n\n<p class=\"wp-block-paragraph\">Kar\u015f\u0131la\u015ft\u0131rmal\u0131 analiz yap\u0131l\u0131rken benzer g\u00fcvenlik tehditleri alt\u0131ndaki \u00fclkelerle k\u0131yaslama yap\u0131lmamas\u0131, sonu\u00e7lar\u0131 <strong>tek y\u00f6nl\u00fc<\/strong> h\u00e2le getirmektedir.<\/p>\n\n\n\n<p class=\"wp-block-paragraph\"><strong>4. D\u0131\u015f Politika: \u00d6zerklik mi Kopu\u015f mu?<\/strong><\/p>\n\n\n\n<p class=\"wp-block-paragraph\">T\u00fcrkiye\u2019nin d\u0131\u015f politika \u00e7izgisi s\u0131kl\u0131kla \u201ceksen kaymas\u0131\u201d olarak tan\u0131mlanmaktad\u0131r. Bu yakla\u015f\u0131m, <strong>\u00e7ok y\u00f6nl\u00fc diplomasi<\/strong> ile <strong>ittifak kopu\u015fu<\/strong> aras\u0131ndaki fark\u0131 g\u00f6z ard\u0131 etmektedir.<\/p>\n\n\n\n<p class=\"wp-block-paragraph\">Stratejik \u00f6zerklik:<\/p>\n\n\n\n<p class=\"wp-block-paragraph\">\u2022 \u0130ttifaklar\u0131 reddetmez,<\/p>\n\n\n\n<p class=\"wp-block-paragraph\">\u2022 Ulusal \u00e7\u0131kar\u0131 merkeze al\u0131r,<\/p>\n\n\n\n<p class=\"wp-block-paragraph\">\u2022 Kriz d\u00f6nemlerinde manevra alan\u0131 sa\u011flar.<\/p>\n\n\n\n<p class=\"wp-block-paragraph\">Bu politika, zay\u0131fl\u0131k de\u011fil <strong>b\u00f6lgesel g\u00fc\u00e7 olman\u0131n gere\u011fidir<\/strong>.<\/p>\n\n\n\n<p class=\"wp-block-paragraph\"><strong>5. Alternatif Politika Okumas\u0131<\/strong><\/p>\n\n\n\n<p class=\"wp-block-paragraph\">T\u00fcrkiye modeli \u015fu \u015fekilde tan\u0131mlanabilir:<\/p>\n\n\n\n<p class=\"wp-block-paragraph\">\u2022 G\u00fcvenlik \u00f6ncelikli devlet yap\u0131lanmas\u0131<\/p>\n\n\n\n<p class=\"wp-block-paragraph\">\u2022 Se\u00e7im temelli siyasal me\u015fruiyet<\/p>\n\n\n\n<p class=\"wp-block-paragraph\">\u2022 \u00c7ok y\u00f6nl\u00fc d\u0131\u015f politika<\/p>\n\n\n\n<p class=\"wp-block-paragraph\">Bu model, klasik Bat\u0131 demokrasilerinin birebir kopyas\u0131 de\u011fil; <strong>yerel ko\u015fullara uyarlanm\u0131\u015f bir y\u00f6netim formudur<\/strong>.<\/p>\n\n\n\n<p class=\"wp-block-paragraph\"><strong>6. Politika Se\u00e7enekleri<\/strong><\/p>\n\n\n\n<p class=\"wp-block-paragraph\">1. <strong>G\u00fcvenlik-Devlet Kapasitesi Modeli<\/strong><\/p>\n\n\n\n<p class=\"wp-block-paragraph\">\u2022 K\u0131sa vadede istikrar<\/p>\n\n\n\n<p class=\"wp-block-paragraph\">\u2022 Y\u00fcksek kriz y\u00f6netim kabiliyeti<\/p>\n\n\n\n<p class=\"wp-block-paragraph\">2. <strong>Kademeli Normalle\u015fme Modeli<\/strong><\/p>\n\n\n\n<p class=\"wp-block-paragraph\">\u2022 G\u00fcvenlik tehdidi azald\u0131k\u00e7a kurumsal yumu\u015fama<\/p>\n\n\n\n<p class=\"wp-block-paragraph\">\u2022 Kontroll\u00fc reform alanlar\u0131<\/p>\n\n\n\n<p class=\"wp-block-paragraph\">3. <strong>B\u00f6lgesel G\u00fc\u00e7 Konsolidasyonu Modeli<\/strong><\/p>\n\n\n\n<p class=\"wp-block-paragraph\">\u2022 Savunma sanayii<\/p>\n\n\n\n<p class=\"wp-block-paragraph\">\u2022 Enerji ve lojistik hatlar\u0131<\/p>\n\n\n\n<p class=\"wp-block-paragraph\"><strong>7. Sonu\u00e7<\/strong><\/p>\n\n\n\n<p class=\"wp-block-paragraph\">T\u00fcrkiye\u2019ye y\u00f6nelik tek boyutlu de\u011ferlendirmeler, \u00fclkenin ger\u00e7ek politika dinamiklerini a\u00e7\u0131klamakta yetersizdir. Milliyet\u00e7i perspektif, bu eksikli\u011fi gidermek i\u00e7in <strong>egemenlik, g\u00fcvenlik ve tarihsel s\u00fcreklili\u011fi<\/strong> merkeze alan tamamlay\u0131c\u0131 bir \u00e7er\u00e7eve sunmaktad\u0131r.<\/p>\n\n\n\n<p class=\"wp-block-paragraph\">Bu yakla\u015f\u0131m, \u00e7at\u0131\u015fmac\u0131 de\u011fil; <strong>dengeleyici ve ger\u00e7ek\u00e7idir<\/strong>.<\/p>\n","protected":false},"excerpt":{"rendered":"<p>Egemenlik, G\u00fcvenlik ve Stratejik \u00d6zerklik Perspektifi Bu metin, uluslararas\u0131 think tank raporlar\u0131nda T\u00fcrkiye\u2019ye y\u00f6nelik yap\u0131lan de\u011ferlendirmelere milliyet\u00e7i-devlet merkezli bir perspektiften, akademik ve so\u011fukkanl\u0131 bir kar\u015f\u0131l\u0131k sunmak \u00fczere haz\u0131rlanm\u0131\u015f \u00f6rnek bir politika raporudur. Y\u00fcr\u00fct\u00fcc\u00fc \u00d6zet Uluslararas\u0131 raporlar T\u00fcrkiye\u2019yi s\u0131kl\u0131kla normatif demokrasi g\u00f6stergeleri \u00fczerinden de\u011ferlendirmekte; g\u00fcvenlik tehditleri, b\u00f6lgesel istikrars\u0131zl\u0131k ve tarihsel deneyimlerin politika tercihlerine etkisini ikincil plana<a href=\"https:\/\/cihankama.com\/?p=142\"> &#8230;read more.<\/a><\/p>\n","protected":false},"author":1,"featured_media":0,"comment_status":"open","ping_status":"open","sticky":false,"template":"","format":"standard","meta":{"footnotes":""},"categories":[13],"tags":[17],"class_list":["post-142","post","type-post","status-publish","format-standard","hentry","category-siyaset","tag-ilke"],"_links":{"self":[{"href":"https:\/\/cihankama.com\/index.php?rest_route=\/wp\/v2\/posts\/142","targetHints":{"allow":["GET"]}}],"collection":[{"href":"https:\/\/cihankama.com\/index.php?rest_route=\/wp\/v2\/posts"}],"about":[{"href":"https:\/\/cihankama.com\/index.php?rest_route=\/wp\/v2\/types\/post"}],"author":[{"embeddable":true,"href":"https:\/\/cihankama.com\/index.php?rest_route=\/wp\/v2\/users\/1"}],"replies":[{"embeddable":true,"href":"https:\/\/cihankama.com\/index.php?rest_route=%2Fwp%2Fv2%2Fcomments&post=142"}],"version-history":[{"count":1,"href":"https:\/\/cihankama.com\/index.php?rest_route=\/wp\/v2\/posts\/142\/revisions"}],"predecessor-version":[{"id":143,"href":"https:\/\/cihankama.com\/index.php?rest_route=\/wp\/v2\/posts\/142\/revisions\/143"}],"wp:attachment":[{"href":"https:\/\/cihankama.com\/index.php?rest_route=%2Fwp%2Fv2%2Fmedia&parent=142"}],"wp:term":[{"taxonomy":"category","embeddable":true,"href":"https:\/\/cihankama.com\/index.php?rest_route=%2Fwp%2Fv2%2Fcategories&post=142"},{"taxonomy":"post_tag","embeddable":true,"href":"https:\/\/cihankama.com\/index.php?rest_route=%2Fwp%2Fv2%2Ftags&post=142"}],"curies":[{"name":"wp","href":"https:\/\/api.w.org\/{rel}","templated":true}]}}